{"id":13786,"date":"2025-10-21T08:30:52","date_gmt":"2025-10-21T06:30:52","guid":{"rendered":"https:\/\/www.coollibri.com\/blog\/?p=13786"},"modified":"2025-12-09T11:14:52","modified_gmt":"2025-12-09T10:14:52","slug":"12-grands-auteurs-de-la-litterature-italophone-des-cinquante-dernieres-annees","status":"publish","type":"post","link":"https:\/\/www.coollibri.com\/blog\/12-grands-auteurs-de-la-litterature-italophone-des-cinquante-dernieres-annees\/","title":{"rendered":"12 grands auteurs de la litt\u00e9rature italophone des cinquante derni\u00e8res ann\u00e9es"},"content":{"rendered":"<p class=\"whitespace-break-spaces\" dir=\"auto\"><strong>L\u2019italien est une langue magnifique.<\/strong><\/p>\n<p class=\"whitespace-break-spaces\" dir=\"auto\">Une langue <em>qui chante<\/em>. Une langue <em>qui raconte<\/em>. Une langue qui laisse vibrer <strong>chaque syllabe comme une note tenue<\/strong>.<\/p>\n<p class=\"whitespace-break-spaces\" dir=\"auto\">Et pourtant\u2026 lorsqu\u2019on observe les chiffres, on r\u00e9alise vite qu\u2019elle n\u2019a pas <strong>l\u2019immensit\u00e9 d\u00e9mographique des g\u00e9ants mondiaux<\/strong>.<\/p>\n<p class=\"whitespace-break-spaces\" dir=\"auto\">Environ <strong>70 millions de locuteurs natifs<\/strong>. <em>Une goutte d\u2019eau<\/em>, si on la compare aux <strong>centaines de millions d\u2019anglophones<\/strong> diss\u00e9min\u00e9s sur la plan\u00e8te.<\/p>\n<p class=\"whitespace-break-spaces\" dir=\"auto\">Mais ce chiffre, <strong>\u00e0 lui seul, ne dit pas tout<\/strong>.<\/p>\n<p class=\"whitespace-break-spaces\" dir=\"auto\">Car il existe <strong>une autre Italie<\/strong>. Une Italie <em>de c\u0153ur<\/em>, <em>d\u2019adoption<\/em>, <em>de passion<\/em>. Celle de ceux qui ont appris la langue en <strong>seconde langue<\/strong>, <em>par amour de sa musicalit\u00e9<\/em>, <em>par fascination pour sa culture<\/em>, <em>par d\u00e9sir d\u2019entrer dans sa litt\u00e9rature<\/em>.<\/p>\n<p class=\"whitespace-break-spaces\" dir=\"auto\">Avec eux, on atteint <strong>pr\u00e8s de 125 millions de locuteurs<\/strong>.<\/p>\n<p class=\"whitespace-break-spaces\" dir=\"auto\">Et l\u00e0, <strong>quelque chose devient \u00e9vident<\/strong> : on ne parle plus seulement <em>d\u2019une langue<\/em>. On parle <strong>d\u2019un univers<\/strong>. D\u2019<em>une sensibilit\u00e9<\/em>. D\u2019<em>une tradition litt\u00e9raire<\/em> forg\u00e9e au fil des si\u00e8cles, avec <strong>une identit\u00e9 forte, profonde, assum\u00e9e<\/strong>.<\/p>\n<p class=\"whitespace-break-spaces\" dir=\"auto\">Oui, on peut parler <strong>d\u2019une litt\u00e9rature italophone<\/strong>. <em>Singuli\u00e8re<\/em>. <em>Coh\u00e9rente<\/em>. <strong>Vivante<\/strong>. Port\u00e9e par une communaut\u00e9 <strong>qui d\u00e9passe largement les fronti\u00e8res et les statistiques<\/strong>.<\/p>\n<p class=\"whitespace-break-spaces\" dir=\"auto\">Parce qu\u2019au fond, la force d\u2019une litt\u00e9rature ne se mesure pas <strong>seulement<\/strong> au nombre de voix qui la parlent, mais <strong>\u00e0 l\u2019intensit\u00e9 de celles qui l\u2019\u00e9crivent<\/strong> et <strong>\u00e0 la fid\u00e9lit\u00e9 de celles qui la lisent<\/strong>.<\/p>\n<p class=\"whitespace-break-spaces\" dir=\"auto\">Et pourtant\u2026 qu\u2019on les compte \u00e0 <strong>70<\/strong> ou <strong>125 millions<\/strong>, les italophones restent <em>minoritaires<\/em> \u00e0 l\u2019\u00e9chelle mondiale. <em>Moins encore<\/em> si l\u2019on regarde du c\u00f4t\u00e9 des <strong>distinctions internationales<\/strong> : <strong>trois laur\u00e9ats italiens du prix Nobel<\/strong> sur <strong>115 attribu\u00e9s<\/strong> depuis sa cr\u00e9ation.<\/p>\n<p class=\"whitespace-break-spaces\" dir=\"auto\">\u00c0 ce niveau <em>strictement quantitatif<\/em>, on pourrait croire que la litt\u00e9rature italophone est <em>marginale<\/em>, qu\u2019elle p\u00e8se peu face \u00e0 d\u2019autres traditions <em>plus peupl\u00e9es<\/em> ou <em>plus visibles<\/em>.<\/p>\n<p class=\"whitespace-break-spaces\" dir=\"auto\"><strong>Il n\u2019en est rien.<\/strong> <em>Absolument rien.<\/em><\/p>\n<p class=\"whitespace-break-spaces\" dir=\"auto\">Car cette marginalit\u00e9 <em>apparente<\/em> ne refl\u00e8te en rien <strong>le poids immense<\/strong> de la litt\u00e9rature italienne dans l\u2019histoire du monde. Ni <strong>son influence colossale<\/strong>. Ni <strong>sa place fondamentale<\/strong> dans la construction de la civilisation litt\u00e9raire occidentale.<\/p>\n<p class=\"whitespace-break-spaces\" dir=\"auto\">Il suffit de prononcer <em>quelques noms<\/em> : <strong>Dante, Boccace, P\u00e9trarque, Marco Polo, Machiavel, l\u2019Arioste, l\u2019Ar\u00e9tin, le Tasse, Casanova, Manzoni<\/strong>\u2026 pour comprendre <strong>la dette<\/strong> que porte encore aujourd\u2019hui la litt\u00e9rature mondiale envers l\u2019Italie.<\/p>\n<p class=\"whitespace-break-spaces\" dir=\"auto\">Du <strong>XII\u1d49 au XVIII\u1d49 si\u00e8cle<\/strong>, ces voix ont <strong>fa\u00e7onn\u00e9 notre imaginaire<\/strong>, <strong>model\u00e9 nos r\u00e9cits<\/strong>, <strong>inspir\u00e9 nos arts<\/strong>. Pas un auteur occidental qui, <em>d\u2019une mani\u00e8re ou d\u2019une autre<\/em>, ne s\u2019y soit <em>abreuv\u00e9<\/em>.<\/p>\n<p class=\"whitespace-break-spaces\" dir=\"auto\">Mais qu\u2019en est-il <strong>des cinquante derni\u00e8res ann\u00e9es<\/strong> ? Comment identifier <strong>les nouvelles figures majeures<\/strong>, les \u0153uvres qui marquent leur \u00e9poque, les auteurs qui portent aujourd\u2019hui <strong>la flamme italophone<\/strong> ?<\/p>\n<p class=\"whitespace-break-spaces\" dir=\"auto\">La litt\u00e9rature italienne n\u2019est plus <em>aussi dominante<\/em> qu\u2019elle a pu l\u2019\u00eatre dans les si\u00e8cles pass\u00e9s, mais elle reste <strong>foisonnante, f\u00e9conde, extraordinairement vivante<\/strong>. Une litt\u00e9rature <em>d\u2019exploration<\/em>, <em>d\u2019introspection<\/em>, <em>de modernit\u00e9<\/em>. Une litt\u00e9rature <strong>qui continue \u00e0 surprendre<\/strong>.<\/p>\n<p class=\"whitespace-break-spaces\" dir=\"auto\">Alors, <strong>comment choisir<\/strong> ? Comment dresser une liste <strong>des dix auteurs italophones les plus marquants<\/strong> de ces cinq derni\u00e8res d\u00e9cennies ?<\/p>\n<p class=\"whitespace-break-spaces\" dir=\"auto\"><strong>Trois crit\u00e8res<\/strong> ont \u00e9t\u00e9 retenus. <em>Simples<\/em>, mais <em>exigeants<\/em> :<\/p>\n<ol>\n<li><strong>Les grands prix<\/strong>, nationaux ou internationaux, re\u00e7us par chacun d\u2019eux.<\/li>\n<li>Leur diffusion en fran\u00e7ais dans <strong>des collections ou maisons d\u2019\u00e9dition prestigieuses<\/strong>.<\/li>\n<li><strong>La dimension contemporaine<\/strong> de leurs th\u00e8mes et de leurs regards.<\/li>\n<\/ol>\n<p class=\"whitespace-break-spaces\" dir=\"auto\">C\u2019est \u00e0 la crois\u00e9e de ces trois lignes que se dessine <strong>la liste des dix auteurs<\/strong> qui ont marqu\u00e9 \u2014 et continuent de marquer \u2014 <strong>la litt\u00e9rature italophone moderne<\/strong>.<\/p>\n<p dir=\"auto\">\u00a0<\/p>\n<h2 style=\"text-align: justify\">Les grands prix de la litt\u00e9rature italophone<\/h2>\n<p style=\"text-align: justify\">La France a ses grands prix comme le Goncourt, le F\u00e9mina, ou l&rsquo;interalli\u00e9 pour nommer que ceux l\u00e0 sur les six qui constituent la liste des plus prestigieux. L&rsquo;Italie a les siens, tout aussi prestigieux.<\/p>\n<p style=\"text-align: justify\">Plus exactement, elle en a 3, chacun avec ses sp\u00e9cificit\u00e9s, tr\u00e8s diff\u00e9rentes, il faut bien le dire, de celles des prix fran\u00e7ais.\u00a0<\/p>\n<h3 style=\"text-align: justify\">Prix Bagutta<\/h3>\n<figure id=\"attachment_13908\" aria-describedby=\"caption-attachment-13908\" style=\"width: 500px\" class=\"wp-caption aligncenter\"><img loading=\"lazy\" decoding=\"async\" class=\"size-full wp-image-13908\" src=\"https:\/\/www.coollibri.com\/blog\/wp-content\/uploads\/RESTAURANT-RUE-BAGUTTA-MILAN-coollibri.com_.png\" alt=\"RESTAURANT RUE BAGUTTA MILAN - coollibri.com\" width=\"500\" height=\"500\" \/><figcaption id=\"caption-attachment-13908\" class=\"wp-caption-text\">RESTAURANT RUE BAGUTTA MILAN &#8211; coollibri.com<\/figcaption><\/figure>\n<p style=\"text-align: justify\">C&rsquo;est le plus ancien. Il a \u00e9t\u00e9 fond\u00e9 \u00e0 Milan en 1926 par 2 journalistes, 2 peintres, 1 avocat, 1 com\u00e9dien, 3 \u00e9crivains et 1 dandy. Ils avaient pour habitude de d\u00eener dans le <a href=\"https:\/\/www.petitfute.com\/v50174-milan\/c1165-restaurants\/c1031-cuisines-du-monde\/c1036-cuisine-mediterraneenne\/c82-restaurant-italien\/205268-trattoria-bagutta.html\">restaurant toscan d&rsquo;Alberto Pepori<\/a>, rue <strong>Bagutta<\/strong>, \u00e0 Milan et de parler de leurs lectures respectives. En somme, comme ils auraient pu le faire dans un <a href=\"https:\/\/www.coollibri.com\/blog\/cles-ouvrir-club-lecture\/\" target=\"_blank\" rel=\"noopener\">club de lecture<\/a>. L&rsquo;id\u00e9e de cr\u00e9er un prix litt\u00e9raire leur est venue\u00a0 un soir de novembre 1926.<\/p>\n<p style=\"text-align: justify\">La tradition est rest\u00e9e et le jury Bagutta est toujours compos\u00e9 de 10 personnalit\u00e9s choisies pour leur culture et, en principe, sans attache particuli\u00e8re avec le monde de l&rsquo;\u00e9dition.\u00a0 Avec le temps, de solides liens se sont \u00e9tablis avec la famille <strong>Pepori<\/strong>, toujours propri\u00e9taire du restaurant.<\/p>\n<p style=\"text-align: justify\">Mais aussi avec la <strong>Snam Rete Gaz<\/strong>. Cette derni\u00e8re est une grosse entreprise de distribution de gaz, cot\u00e9e en bourse, filiale de la Cassa Depositi et Prestiti, elle-m\u00eame contr\u00f4l\u00e9e par l&rsquo;Etat italien.\u00a0\u00a0<\/p>\n<p style=\"text-align: justify\">Le prix Bagutta r\u00e9compense des laur\u00e9ats dans la cat\u00e9gorie <strong>narration<\/strong>, <strong>essai<\/strong>, <strong>po\u00e9sie<\/strong> et <strong>premi\u00e8re \u0153uvre. <\/strong>Pour 2025, il a \u00e9t\u00e9 attribu\u00e9 \u00e0 <strong>1 &#8211;<\/strong> <strong>Vittorio Lingiardi<\/strong>\u00a0auteur de \u00ab\u00a0<a href=\"https:\/\/youtu.be\/gAfT4ppaU2U\" target=\"_blank\" rel=\"noopener\"><strong>Corpo Umano<\/strong><\/a>\u00ab\u00a0, publi\u00e9 par la <a href=\"https:\/\/www.dimanoinmano.it\/notizie\/fr\/case-editrici-italiane-einaudi\/?srsltid=AfmBOorHVL-0GFF05RfWYOGj2pNYtjxNlkYkxyV7d6JYwTKwfnlktesc\" target=\"_blank\" rel=\"noopener\">maison Einaudi<\/a>.<\/p>\n<p style=\"text-align: justify\">Quant au prix de la premi\u00e8re \u0153uvre, il est all\u00e9 \u00e0 <strong>2 &#8211;<\/strong> <strong>Marta Lamalfa<\/strong>, pour \u00ab\u00a0L&rsquo;isola dove volano le femmine\u00a0\u00bb, publi\u00e9 par l&rsquo;\u00e9diteur Neri Pozza. Le roman qui raconte l&rsquo;histoire d&rsquo;une famille paysanne\u00a0implant\u00e9e depuis plusieurs g\u00e9n\u00e9rations sur la petite<a href=\"https:\/\/www.lonelyplanet.fr\/destinations\/europe\/italie\/sicile\/iles-eoliennes\/alicudi\" target=\"_blank\" rel=\"noopener\"> \u00eele Alicudi<\/a>, au milieu de la mer Tyrrh\u00e9nienne, est paru aux <strong>\u00e9ditions Ph\u00e9bus,<\/strong> sous le titre \u00ab\u00a0<a href=\"https:\/\/surlaroutedejostein.fr\/2025\/05\/28\/lile-des-femmes-qui-volent-marta-lamalfa\/\" target=\"_blank\" rel=\"noopener\">l&rsquo;\u00eele des femmes qui volent<\/a>\u00ab\u00a0.<\/p>\n<p>&nbsp;<\/p>\n<p>&nbsp;<\/p>\n<h3 style=\"text-align: justify\">Prix Strega<\/h3>\n<p style=\"text-align: justify\">Cr\u00e9\u00e9 en 1947 pour relancer les lettres italiennes, le prix Strega est aujourd&rsquo;hui consid\u00e9r\u00e9 en Italie comme <a href=\"https:\/\/www.coollibri.com\/blog\/les-meilleurs-romans-en-competition-pour-un-grand-prix-litteraire-de-la-rentree-2025\/\">l&rsquo;\u00e9quivalent du Goncourt<\/a> en France. En tout cas,\u00a0 son impact sur les ventes du livre du laur\u00e9at est comparable. Ainsi \u00ab\u00a0L&rsquo;\u00e2ge fragile\u00a0\u00bb, traduit chez Albin Michel, de <strong>3 &#8211; Donatella di Pietrantonio,<\/strong> laur\u00e9ate 2024, a d\u00e9pass\u00e9 les 400 000 exemplaires vendus et deux soci\u00e9t\u00e9s de production en ont d\u00e9j\u00e0 acquis les droits.\u00a0<\/p>\n<p style=\"text-align: justify\">Il faut dire qu&rsquo;il est n\u00e9 sous des auspices originaux. Strega est le nom d&rsquo;une liqueur tr\u00e8s populaire en Italie. Depuis 1860, elle est fabriqu\u00e9e, dans\u00a0 le plus grand secret, \u00e0 <strong>B\u00e9n\u00e9vent<\/strong> par la <strong>famille Alberti<\/strong>. Sa <a href=\"https:\/\/www.strega.it\/en\/liquore-strega\/\" target=\"_blank\" rel=\"noopener\">belle couleur jaune d&rsquo;or<\/a> que lui donne le safran qui entre dans sa composition est celle qu&rsquo;on attribue au breuvage des sorci\u00e8res qui ont fait de<strong> B\u00e9n\u00e9vent,<\/strong> para\u00eet-il, le si\u00e8ge de leur confr\u00e9rie. En tout cas, le \u00ab\u00a0deal\u00a0\u00bb entre la marque et le prix litt\u00e9raire a incontestablement profit\u00e9 \u00e0 l&rsquo;un aussi bien qu&rsquo;\u00e0 l&rsquo;autre.\u00a0<\/p>\n<p style=\"text-align: justify\">Aujourd&rsquo;hui, le Strega n&rsquo;est plus attribu\u00e9 par le petit groupe d&rsquo;amis, \u00ab\u00a0<strong>les amis du dimanche<\/strong>\u00ab\u00a0, r\u00e9unis autour de <strong>Maria et de Goffredo Bellonci<\/strong>, la premi\u00e8re, auteur r\u00e9put\u00e9e de romans historiques, comme <strong>\u00ab\u00a0La renaissance priv\u00e9e<\/strong>\u00ab\u00a0, Strega 1986, mais par un jury comprenant\u00a0<strong> 400 membres.<\/strong><\/p>\n<blockquote>\n<p>Les membres du jury sont toujours appel\u00e9s les \u00ab\u00a0amis du dimanche \u00ab\u00a0et\u00a0 font partie du monde culturel. Ils choisissent d\u2019abord les finalistes et ensuite le gagnant. Les livres sont propos\u00e9s par eux-m\u00eames et chaque titre doit avoir le soutien d\u2019au moins deux jur\u00e9s. Le prix est remis traditionnellement \u00e0 l&rsquo;automne.<\/p>\n<\/blockquote>\n<p style=\"text-align: justify\">\u00a0Il est anim\u00e9 par la <a href=\"https:\/\/www.turismoroma.it\/fr\/places\/casa-bellonci\" target=\"_blank\" rel=\"noopener\">fondation Bellonci<\/a>, pr\u00e9sid\u00e9e depuis 2017 par <strong>Giovanni Solimini<\/strong>, grand sp\u00e9cialiste de la <a href=\"https:\/\/bbf.enssib.fr\/consulter\/bbf-1998-02-0008-001\" target=\"_blank\" rel=\"noopener\">biblioth\u00e9conomie<\/a>. Pour 2025, le laur\u00e9at est <strong>3\u00a0&#8211; Andrea Bajani<\/strong> pour son autofiction <strong>\u00ab\u00a0L&rsquo;anniversario\u00a0\u00bb<\/strong>.\u00a0<\/p>\n<p>&nbsp;<\/p>\n<p>&nbsp;<\/p>\n<h3 style=\"text-align: justify\">Prix Campiello<\/h3>\n<p style=\"text-align: justify\">Ann\u00e9e apr\u00e8s ann\u00e9e, le Campiello se rapproche du Strega. Certains critiques le jugent m\u00eame sup\u00e9rieur dans ses choix. N\u00e9 en 1962 \u00e0 Venise, le Campiello est le plus jeune des trois grands prix litt\u00e9raires italophones, mais il b\u00e9n\u00e9ficie du soutien tr\u00e8s large de tout ce que la V\u00e9n\u00e9tie compte d&rsquo;entrepreneurs et de riches industriels.\u00a0<\/p>\n<p style=\"text-align: justify\">Cette assise unique, le Campiello le doit \u00e0 une famille et \u00e0 un homme, <strong>Mario Valeri Manera<\/strong>, disparu en 2014 \u00e0 l&rsquo;\u00e2ge de 93 ans. Longtemps pr\u00e9sident de grandes organisations patronales, celui qu&rsquo;on a appel\u00e9 le \u00ab\u00a0Banal Grande\u00a0\u00bb pour souligner son affabilit\u00e9, a su porter au plus haut de la notori\u00e9t\u00e9 nationale et internationale un prix qui aurait pu rester confidentiel.\u00a0<\/p>\n<p style=\"text-align: justify\">Cette \u00e9l\u00e9vation, le prix Campiello, dont l&rsquo;\u00e9tymologie signifie petite place, dont le symbole est la \u00ab\u00a0vera da pozzo\u00a0\u00bb, comme il y en a beaucoup \u00e0 Venise, la doit \u00e0 sa formule originale de d\u00e9signation de son laur\u00e9at. Celle-ci se fait en deux \u00e9tapes.<\/p>\n<p style=\"text-align: justify\">Dans un premier temps, un jury professionnel \u00e9tablit une liste de 5 livres, en principe narratifs, qui devient alors la <strong>s\u00e9lection Campiello<\/strong>. Mais, surtout, dans un deuxi\u00e8me temps, cette s\u00e9lection est soumise au vote de 300 lecteurs repr\u00e9sentatifs de toute la soci\u00e9t\u00e9 italienne. A la suite de leur vote, le laur\u00e9at re\u00e7oit son prix lors d&rsquo;une c\u00e9r\u00e9monie au <strong>Palais des Doges<\/strong> ou \u00e0 la <strong>Fenice<\/strong>.\u00a0<\/p>\n<p style=\"text-align: justify\">Le laur\u00e9at 2025 est <strong>4 &#8211;<\/strong> <a href=\"https:\/\/premiostrega.it\/PS\/autore\/wanda-marasco-2\/\" target=\"_blank\" rel=\"noopener\">Wanda Marasco<\/a> pour son roman \u00ab\u00a0<strong>Di spalle a questo mundo<\/strong>\u00ab\u00a0, publi\u00e9 par la maison <strong>Neri Pozza<\/strong>.<\/p>\n<p>&nbsp;<\/p>\n<p>&nbsp;<\/p>\n<h2 style=\"text-align: justify\">8 grands auteurs incontournables de\u00a0 la litt\u00e9rature italophone<\/h2>\n<h3 style=\"text-align: justify\">5 &#8211; Primo Levi (1919-1987)<\/h3>\n<figure id=\"attachment_13910\" aria-describedby=\"caption-attachment-13910\" style=\"width: 500px\" class=\"wp-caption aligncenter\"><img loading=\"lazy\" decoding=\"async\" class=\"size-full wp-image-13910\" src=\"https:\/\/www.coollibri.com\/blog\/wp-content\/uploads\/CAMP-DE-CONCENTRATION-AUSCHWITZ-EN-POLOGNE-coollibri.com_.png\" alt=\"CAMP DE CONCENTRATION AUSCHWITZ EN POLOGNE - coollibri.com\" width=\"500\" height=\"500\" \/><figcaption id=\"caption-attachment-13910\" class=\"wp-caption-text\">CAMP DE CONCENTRATION AUSCHWITZ EN POLOGNE &#8211; coollibri.com<\/figcaption><\/figure>\n<p style=\"text-align: justify\">Aujourd&rsquo;hui, \u00ab\u00a0monument\u00a0\u00bb incontournable de la litt\u00e9rature mondiale, Primo Levi ne se destinait pourtant pas \u00e0 \u00eatre \u00e9crivain, mais chimiste. Et, c&rsquo;est en tant que chimiste que Primo Levi a pass\u00e9 les premi\u00e8res ann\u00e9es de sa vie d&rsquo;homme. Son premier livre, \u00ab\u00a0<strong>Si c&rsquo;est un homme<\/strong>\u00a0\u00bb qui d\u00e9crit de mani\u00e8re quasi clinique son exp\u00e9rience comme d\u00e9port\u00e9 au camp de concentration d&rsquo;Auschwitz de f\u00e9vrier 1944 \u00e0 janvier 1945, apr\u00e8s une br\u00e8ve p\u00e9riode de r\u00e9sistance contre le r\u00e9gime fasciste, restera ainsi pendant des ann\u00e9es le seul livre qu&rsquo;il ait jamais \u00e9crit.\u00a0<\/p>\n<p style=\"text-align: justify\">Publi\u00e9 en 1947, tir\u00e9 \u00e0 2500 exemplaires, l&rsquo;ouvrage n&rsquo;eut pas un grand succ\u00e8s.\u00a0 A cette \u00e9poque, il est vrai que tout le monde pr\u00e9f\u00e9rait ne plus entendre parler de ces horreurs. Il faudra donc attendre 1963 pour que paraisse \u00ab\u00a0<strong>La tr\u00eave\u00a0\u00bb<\/strong> son deuxi\u00e8me livre. Entre temps, il m\u00e8ne une brillante carri\u00e8re de chimiste pour le compte de l&rsquo;entreprise SIVA.<\/p>\n<p>&nbsp;<\/p>\n<h4>L&rsquo;univers concentrationnaire comme source d&rsquo;inspiration<\/h4>\n<p style=\"text-align: justify\">Cette derni\u00e8re publication lui vaut d&rsquo;\u00eatre le premier laur\u00e9at du<strong> prix Campiello<\/strong>. Il y raconte ses tribulations apr\u00e8s sa lib\u00e9ration du camp d&rsquo;Auschwitz gr\u00e2ce \u00e0 l&rsquo;arm\u00e9e rouge. A partir de cette date, esp\u00e9rant se lib\u00e9rer \u00e9galement d&rsquo;une anxi\u00e9t\u00e9 chronique h\u00e9rit\u00e9e de son exp\u00e9rience concentrationnaire, il se consacre peu \u00e0 peu uniquement \u00e0 l&rsquo;\u00e9criture. En 1966, il est laur\u00e9at du <strong>prix Bagutta<\/strong> pour ses \u00ab\u00a0<strong>Histoires naturelles<\/strong>\u00a0\u00bb et en 1978 du <strong>prix Strega<\/strong> pour \u00ab\u00a0<strong>La clef \u00e0 molette<\/strong>\u00ab\u00a0.<\/p>\n<p style=\"text-align: justify\">Dans ce dernier ouvrage, il y analyse le r\u00e9confort que peut apporter la satisfaction du travail bien fait. Il meurt en 1987 \u00e0 son domicile apr\u00e8s une chute dans un escalier. Pour une majorit\u00e9 de critiques, cette chute ne serait pas accidentelle, mais un suicide. Primo Levi ne parvenant pas \u00e0 surmonter ses traumatismes. Pour d&rsquo;autres, de plus en plus nombreux, cette chute serait due \u00e0 un \u00e9tourdissement provoqu\u00e9 par la prise d&rsquo;anxiolytiques mal dos\u00e9s.<\/p>\n<p>&nbsp;<\/p>\n<h3 style=\"text-align: justify\">6 &#8211; Cesare Pavese (1908 &#8211; 1950)<\/h3>\n<p style=\"text-align: justify\">De 11 ans plus \u00e2g\u00e9 que Primo Levi, Cesare Pavese et Promo Levi ne s&rsquo;en sont pas moins crois\u00e9s \u00e0 un moment de leurs \u00e9tudes. Bien que d&rsquo;orientations litt\u00e9raires compl\u00e8tement diff\u00e9rentes, ils ont \u00e9t\u00e9 l&rsquo;un et l&rsquo;autre assaillis par les m\u00eames tourments. On a dit du premier que la chute dans l&rsquo;escalier de sa maison en 1987 \u00e9tait un suicide, mais pour ce qui est du second,\u00a0 l&rsquo;id\u00e9e de se suicider vraiment le taraudait depuis bien longtemps.<\/p>\n<p style=\"text-align: justify\">Et c&rsquo;est en pleine gloire, quelques semaines seulement apr\u00e8s avoir \u00e9t\u00e9 r\u00e9compens\u00e9 en juin 1950 par le <strong>prix Strega<\/strong> pour son roman \u00a0\u00bb <strong>Le Bel \u00e9t\u00e9<\/strong> \u00a0\u00bb qu&rsquo;il passe \u00e0 l&rsquo;acte dans une chambre de l&rsquo;<a href=\"https:\/\/www.marianne.net\/culture\/litterature\/hotel-roma-de-pierre-adrian-comment-le-suicide-de-cesare-pavese-nous-apprend-a-vivre\" target=\"_blank\" rel=\"noopener\">h\u00f4tel Roma<\/a>, \u00e0 Turin. Employ\u00e9 pendant de nombreuses ann\u00e9es par la maison d&rsquo;\u00e9dition Einaudi il y sera le traducteur attitr\u00e9 de grands noms de la litt\u00e9rature mondiale.\u00a0<\/p>\n<p style=\"text-align: justify\">Si son journal intime publi\u00e9 \u00e0 titre posthume sous le titre \u00ab\u00a0<strong>Le m\u00e9tier de vivre<\/strong>\u00a0\u00bb constitue son \u0153uvre majeure, pour l&rsquo;essentiel, il aura \u00e9t\u00e9 d&rsquo;abord un po\u00e8te. Pour lui, dira-t-il :<\/p>\n<blockquote>\n<p>La po\u00e9sie est une forme universelle et privil\u00e9gi\u00e9e. Existe : ce qui est po\u00e9tique et ce qui ne l&rsquo;est pas.\u00a0<\/p>\n<\/blockquote>\n<p style=\"text-align: justify\">Cependant, en pr\u00e9sentant le volume de la collection Quarto, de chez<strong> Gallimard<\/strong>, qui rassemble l&rsquo;ensemble de ses \u0153uvres, <a href=\"https:\/\/www.academie-francaise.fr\/les-immortels\/dominique-fernandez\" target=\"_blank\" rel=\"noopener\">Dominique Fernandez<\/a>, pour qui Pavese est le plus grand \u00e9crivain italien du XXe si\u00e8cle \u00e9crira :<\/p>\n<blockquote>\n<p>Tous ses po\u00e8mes, ses romans r\u00e9pondent \u00e0 la m\u00eame question : comment vivre dans un monde dont on se sent exclu ?<\/p>\n<\/blockquote>\n<p>&nbsp;<\/p>\n<h3 style=\"text-align: justify\">7 &#8211; Italo Calvino (1923 &#8211; 1985)<\/h3>\n<p style=\"text-align: justify\">Comme ses compatriotes contemporains, Italo Calvino a \u00e9t\u00e9 fortement marqu\u00e9 par les grands mouvements de l&rsquo;apr\u00e8s guerre post fasciste. L&rsquo;ambiance familiale tr\u00e8s engag\u00e9e y a \u00e9galement \u00e9t\u00e9 pour beaucoup. Ses d\u00e9buts litt\u00e9raires sont un peu lents et il se fait surtout conna\u00eetre par ses articles pour diff\u00e9rentes revues.<\/p>\n<p style=\"text-align: justify\">Il y d\u00e9veloppe une approche n\u00e9o r\u00e9aliste \u00e0 la mani\u00e8re de <strong>Joseph Conrad<\/strong> sujet d&rsquo;une th\u00e8se universitaire qu&rsquo;il a \u00e9crit sur la litt\u00e9rature anglaise. Quand on lui en laisse la possibilit\u00e9, il s&rsquo;exprime volontiers sur un mode th\u00e9\u00e2tral et dans un style qui emprunte beaucoup aux fables.<\/p>\n<p style=\"text-align: justify\">Pour <strong>France Culture<\/strong>, <a href=\"https:\/\/youtu.be\/6C7-INfDi9c\" target=\"_blank\" rel=\"noopener\">Italo Calvino<\/a>, \u00e9crivain majeur du XX\u00e8me si\u00e8cle est un \u00e9crivain plein de fantaisie et de malice qui a cherch\u00e9 \u00e0 repousser le plus loin possible les limites du roman traditionnel. D&rsquo;o\u00f9, entre autres, son compagnonnage avec\u00a0 ses comp\u00e8res de <a href=\"https:\/\/www.coollibri.com\/blog\/le-dessin-comme-technique-decriture\/\" target=\"_blank\" rel=\"noopener\">l&rsquo;Oulipo<\/a>.<\/p>\n<p style=\"text-align: justify\">Pour notre part, on en retiendra surtout la trilogie \u00ab\u00a0<strong>Nos anc\u00eatres<\/strong>\u00a0\u00bb qui a fait sa c\u00e9l\u00e9brit\u00e9. Celle-ci comprend trois titres, toujours aussi drolatiques : \u00a0\u00bb Le vicomte pourfendu\u00a0\u00bb, \u00ab\u00a0Le baron perch\u00e9\u00a0\u00bb et \u00ab\u00a0Le chevalier inexistant\u00a0\u00bb publi\u00e9s \u00e0 partir de 1952.\u00a0<\/p>\n<p style=\"text-align: justify\">Bien install\u00e9 comme cadre dans la maison d&rsquo;\u00e9dition Einaudi, un temps compagnon de route du PCI, comme beaucoup d&rsquo;intellectuels de l&rsquo;\u00e9poque, laur\u00e9at du prix Bagutta 1959, pour se r\u00e9sumer, il aimait dire de lui, de mani\u00e8re un peu ironique et sans doute un peu aussi exag\u00e9r\u00e9e :\u00a0<\/p>\n<blockquote>\n<p>Je suis ligure; ma m\u00e8re est sarde : j&rsquo;ai le laconisme de beaucoup de ligures et le mutisme des sardes. Je suis le carrefour de deux races silencieuses.<\/p>\n<\/blockquote>\n<p>&nbsp;<\/p>\n<h3 style=\"text-align: justify\">8 &#8211; Grazia Deledda (1871 &#8211; 1936)<\/h3>\n<figure id=\"attachment_13911\" aria-describedby=\"caption-attachment-13911\" style=\"width: 500px\" class=\"wp-caption aligncenter\"><img loading=\"lazy\" decoding=\"async\" class=\"size-full wp-image-13911\" src=\"https:\/\/www.coollibri.com\/blog\/wp-content\/uploads\/NUORO-SARDAIGNE-coollibri.com_.png\" alt=\"NUORO SARDAIGNE - coollibri.com\" width=\"500\" height=\"500\" \/><figcaption id=\"caption-attachment-13911\" class=\"wp-caption-text\">NUORO SARDAIGNE &#8211; coollibri.com<\/figcaption><\/figure>\n<p style=\"text-align: justify\">Sarde, Grazia Deledda l&rsquo;est rest\u00e9e jusqu&rsquo;au bout des ongles, m\u00eame si une grande partie de son existence s&rsquo;est d\u00e9roul\u00e9e \u00e0 Rome. Autodidacte, originaire de <a href=\"https:\/\/www.sardegnaturismo.it\/fr\/lieux\/centre\/nuoro\" target=\"_blank\" rel=\"noopener\">Nuoro<\/a> :<\/p>\n<blockquote>\n<p>C&rsquo;est l&rsquo;\u00e2me de la Sardaigne, c&rsquo;est la Sardaigne elle-m\u00eame dans toutes ses manifestations\u00a0\u00bb.<\/p>\n<\/blockquote>\n<p style=\"text-align: justify\">a-t-elle dit. Et son attachement pour une terre p\u00e9trie de traditions imm\u00e9moriales sourd de toute son \u0153uvre qui comprend 36 romans et 250 nouvelles. Elle acc\u00e8de \u00e0 la c\u00e9l\u00e9brit\u00e9 avec la publication de son roman \u00ab\u00a0<strong>Des roseaux dans le vent<\/strong>\u00a0\u00bb en 1913.\u00a0<\/p>\n<p style=\"text-align: justify\">Elle y d\u00e9veloppe l&rsquo;id\u00e9e que la vie humaine ressemble \u00e0 bien des \u00e9gards \u00e0 celle des roseaux qui plient mais ne rompent pas. A plus forte raison quand ils sont bien ancr\u00e9s dans leur terre ancestrale. Treize ans plus tard, elle sera la premi\u00e8re laur\u00e9ate du\u00a0 <strong>prix Nobel de litt\u00e9rature<\/strong>.\u00a0<\/p>\n<p style=\"text-align: justify\">Sur 115 prix Nobel attribu\u00e9s depuis l&rsquo;origine de ce prix, seuls 5 autres \u00e9crivains italiens en ont \u00e9t\u00e9 r\u00e9compens\u00e9s :<\/p>\n<ul style=\"text-align: justify\">\n<li><strong>Giosue Carducci<\/strong>\u00a0 (1835-1907), prix Nobel 1906,<\/li>\n<li><strong>Luigi Pirandello<\/strong> (1934 &#8211; 1936), prix Nobel 1934,<\/li>\n<li><strong>Salvatore Quasimodo<\/strong> (1901-1968), prix Nobel 1959,<\/li>\n<li><strong>Eugenio Montale<\/strong> (1896-1981), prix Nobel 1975,<\/li>\n<li><strong>Dario Fo<\/strong> (1926-2016).<\/li>\n<\/ul>\n<p style=\"text-align: justify\">Trois sont des<strong> po\u00e8tes<\/strong> ( Carducci, Quasimodo, Montale) et deux sont des <strong>dramaturges<\/strong> (Pirandello, Fo).<\/p>\n<p>&nbsp;<\/p>\n<p>&nbsp;<\/p>\n<h3 style=\"text-align: justify\">9 &#8211; Giorgio Bassani (1916 &#8211; 2000)<\/h3>\n<p style=\"text-align: justify\">D&rsquo;une grande famille de m\u00e9decins juifs de <strong>Ferrare<\/strong>, bien int\u00e9gr\u00e9s dans la soci\u00e9t\u00e9 locale, Giorgio Bassani n&rsquo;en bifurquera pas moins vers d&rsquo;autres horizons, notamment litt\u00e9raires, d\u00e8s qu&rsquo;il sera en mesure de le faire.\u00a0<\/p>\n<p style=\"text-align: justify\">Apr\u00e8s une p\u00e9riode de r\u00e9sistance contre le r\u00e9gime fasciste de 1937 \u00e0 1943, Giorgio Bassani \u0153uvrera petit \u00e0 petit dans le secteur de l&rsquo;\u00e9dition, puis de la t\u00e9l\u00e9vision. Grand lecteur de Proust, ses th\u00e9matiques pr\u00e9f\u00e9r\u00e9es sont autant de manifestations de son go\u00fbt pour les lieux de m\u00e9moire.\u00a0<\/p>\n<p style=\"text-align: justify\">Outre les moments intimes qu&rsquo;il y passe ou y a pass\u00e9, \u00e0 <a href=\"https:\/\/www.carnets-voyages.org\/visiter-ferrara-italie\/\" target=\"_blank\" rel=\"noopener\">Ferrare,<\/a> ville de la belle et intelligente <strong>B\u00e9atrice d&rsquo;Este,<\/strong> la femme de <strong>Ludovic Sforza<\/strong>, dit le More, les brillants souvenirs de la Renaissance ne manquent pas.\u00a0<\/p>\n<p style=\"text-align: justify\">R\u00e9compens\u00e9 par le <strong>prix Strega<\/strong> en 1956 pour ses histoires de Ferrare, laur\u00e9at du <a href=\"https:\/\/litterart.webador.fr\/prix-litteraires\/prix-italiens\/prix-viareggio\" target=\"_blank\" rel=\"noopener\">prix Viareggio<\/a> 1962 pour le jardin des Finzi-Contini, il re\u00e7oit \u00e9galement le prix <strong>Campiello<\/strong> en 1968 pour \u00ab\u00a0L\u00a0\u00bbairone\u00a0\u00bb.<\/p>\n<p style=\"text-align: justify\">\u00ab\u00a0<strong>Le jardin des Finzi-Contini<\/strong>\u00a0\u00bb\u00a0 que l&rsquo;on peut consid\u00e9rer comme son chef-d&rsquo;\u0153uvre est sans doute l&rsquo;expression la plus pure de son talent litt\u00e9raire, de sa grande culture et de son esth\u00e9tisme. Il fera d&rsquo;ailleurs l&rsquo;objet d&rsquo;un film par <strong>Vittorio de Sica :<\/strong><\/p>\n<p><iframe loading=\"lazy\" title=\"Le Jardin des Finzi-Contini (1970) - Bande annonce reprise 2020 HD VOST\" width=\"640\" height=\"360\" src=\"https:\/\/www.youtube.com\/embed\/9az_HQXgcUM?feature=oembed&#038;enablejsapi=1&#038;origin=https:\/\/www.coollibri.com\" frameborder=\"0\" allow=\"accelerometer; autoplay; clipboard-write; encrypted-media; gyroscope; picture-in-picture; web-share\" referrerpolicy=\"strict-origin-when-cross-origin\" allowfullscreen><\/iframe><\/p>\n<p>&nbsp;<\/p>\n<h3 style=\"text-align: justify\">10 &#8211; Giuseppe Tomasi Di Lampedusa (1896-1957)<\/h3>\n<p style=\"text-align: justify\">Il n&rsquo;est l&rsquo;auteur que d&rsquo;un seul roman et qu&rsquo;aucun \u00e9diteur ne voulut publier de son vivant. C&rsquo;est donc \u00e0 titre posthume que <strong>\u00ab\u00a0Le gu\u00e9pard<\/strong>\u00a0\u00bb eut droit \u00e0 une publication. Et cela gr\u00e2ce \u00e0 l&rsquo;intervention de <strong>Giorgio Bassani<\/strong> alors directeur \u00e9ditorial de la maison Feltrinelli. Mais m\u00eame l\u00e0, il s&rsquo;en est fallu de peu que rien ne se fasse. En effet, en conflit avec la maison d&rsquo;\u00e9dition, Giorgio Bassani finit par la quitter en 1963.<\/p>\n<p style=\"text-align: justify\">Aujourd&rsquo;hui, le roman est devenu mythique. Quasiment d\u00e8s sa parution, il est r\u00e9compens\u00e9 par le <strong>prix Strega<\/strong>. Et surtout, le film que <strong>Visconti<\/strong> a r\u00e9alis\u00e9 en 1963 \u00e0 partir de son histoire avec des acteurs aussi f\u00e9tiches que Burt Lancaster, Alain Delon et Claudia Cardinale a fini de le propulser sur les sommets de la litt\u00e9rature mondiale.<\/p>\n<p style=\"text-align: justify\">Mais, ce serait oublier un peu trop facilement la personnalit\u00e9 de son auteur, prince de Lampedusa, duc de Palma, baron de Montechiaro et de la Toretta, Grand d&rsquo;Espagne de 1\u00e8re classe, en bref, grand seigneur de Sicile.<\/p>\n<p>&nbsp;<\/p>\n<h4>L&rsquo;environnement familial comme source d&rsquo;inspiration de la litt\u00e9rature italophone<\/h4>\n<p style=\"text-align: justify\">Et ce qu&rsquo;il d\u00e9crit, c&rsquo;est plus que la disparition d&rsquo;un monde finissant et son remplacement par un autre, c&rsquo;est aussi une m\u00e9ditation sur les fins derni\u00e8res et la place que les honneurs peuvent jouer dans une vie. On connait la fameuse phrase du prince de Salina, \u00ab\u00a0le gu\u00e9pard\u00a0\u00bb, son double romanesque :<\/p>\n<blockquote>\n<p>Il faut que tout change pour que rien ne change.<\/p>\n<\/blockquote>\n<p style=\"text-align: justify\">Mais,\u00a0 comme l&rsquo;a si bien remarqu\u00e9 le professeur d&rsquo;universit\u00e9 <strong>John Spangler<\/strong> dans un <a href=\"https:\/\/dukesandprinces.org\/2025\/03\/11\/il-gattopardo-the-real-leopard-prince-of-lampedusa\/#:~:text=What%20makes%20it%20particularly%20interesting,Prince%20of%20Cut%C3%B2%2C%20or%20his\" target=\"_blank\" rel=\"noopener\">article tr\u00e8s bien document\u00e9<\/a> consacr\u00e9 \u00e0 la famille Tomasi, la tentation de se retirer d&rsquo;un monde qui ne change pas et dont on a eu le temps et les moyens de faire le tour est une sorte de tradition familiale.\u00a0<\/p>\n<p style=\"text-align: justify\">N&rsquo;\u00e9chappent apparemment \u00e0 cette tentation que ceux qui se vouent \u00e0 la d\u00e9fense de la culture et d&rsquo;un certain art de vivre, comme lui-m\u00eame, grand lecteur \u00e0 l&rsquo;instar de l&rsquo;\u00e9crivain colombien <a href=\"https:\/\/lanef.net\/2021\/06\/15\/nicolas-gomez-davila-antimoderne-authentique\/\" target=\"_blank\" rel=\"noopener\">Nicolas Gomez Davila.<\/a> Ou son fils adoptif, <a href=\"https:\/\/exlibris.forumcommunity.net\/?t=63083646\" target=\"_blank\" rel=\"noopener\">Gioacchino Lanza Tomasi<\/a> (1934 &#8211; 2023), important musicologue. Ou encore, quoique, \u00e0 celle d&rsquo;<a href=\"https:\/\/www.persee.fr\/doc\/rhpr_0035-2403_2003_num_83_3_1035\" target=\"_blank\" rel=\"noopener\">id\u00e9es novatrices<\/a>, comme <strong>Lanza del Vasto<\/strong> (1901-1981) nom de plume de <strong>Giuseppe Lanza di Trabia-Branciforte<\/strong>.<\/p>\n<p>&nbsp;<\/p>\n<p>&nbsp;<\/p>\n<h3 style=\"text-align: justify\">11 &#8211; Umberto Eco (1932 -2016)<\/h3>\n<p style=\"text-align: justify\">On le connait pour son formidable roman \u00ab\u00a0<strong>Le nom de la rose<\/strong>\u00a0\u00bb qui lui vaut le<strong> prix Strega<\/strong> en 1981. Mais aussi gr\u00e2ce au film de 1986 du cin\u00e9aste <strong>Jean-Jacques Annaud<\/strong> avec <strong>Sean Connery. <\/strong>Il y campe un moine enqu\u00eatant sur une s\u00e9rie de morts myst\u00e9rieuses dans une <a href=\"https:\/\/youtu.be\/fn_OFdvYzQI\" target=\"_blank\" rel=\"noopener\">abbaye b\u00e9n\u00e9dictine<\/a> du nord de l&rsquo;Italie en l&rsquo;an de gr\u00e2ce 1327.<\/p>\n<p style=\"text-align: justify\">Le duo qu&rsquo;il forme avec <strong>Christian Slater<\/strong> en moine novice est encore dans beaucoup de m\u00e9moires Le film obtint en 1987 le<strong> C\u00e9sar du meilleur film \u00e9tranger<\/strong>. Quant au roman, traduit en 43 langues, son succ\u00e8s ne se d\u00e9ment pas.\u00a0<\/p>\n<p style=\"text-align: justify\">Derri\u00e8re ce succ\u00e8s, il n&rsquo;y a pas que le talent du romancier, il y a aussi celui du chercheur en<a href=\"https:\/\/www.coollibri.com\/blog\/secrets-semiologie-role-creation-litteraire\/\" target=\"_blank\" rel=\"noopener\"> s\u00e9miotique<\/a>. Il ne s&rsquo;est pas cach\u00e9 d&rsquo;avoir fait de son roman une sorte de mise en pratique des r\u00e9sultats de ses recherches.<\/p>\n<p style=\"text-align: justify\">Et lui m\u00eame apparait dans son r\u00f4le d&rsquo;expert en s\u00e9miotique comme personnage de fiction dans deux romans. \u00ab\u00a0La septi\u00e8me fonction du langage\u00a0\u00bb de Laurent Binet et \u00ab\u00a0Le club Dumas&rsquo; d&rsquo;<a href=\"https:\/\/www.coollibri.com\/blog\/quels-sont-les-10-meilleurs-auteurs-hispanophones-du-xxieme-siecle\/\" target=\"_blank\" rel=\"noopener\">Arturo Perez-Reverte<\/a>.\u00a0<\/p>\n<p style=\"text-align: justify\">De son point de vue, fiction et faits peuvent s&rsquo;entrem\u00ealer heureusement pour donner la meilleure interpr\u00e9tation possible du r\u00e9el. Pour peu qu&rsquo;on sache voir ce qu&rsquo;il y a \u00e0 voir sans verser dans la pure fantasmagorie. Son deuxi\u00e8me roman \u00ab\u00a0<strong>Le pendule de Foucault<\/strong>\u00a0\u00bb paru en 1988 est encore plus explicite \u00e0 cet \u00e9gard.<\/p>\n<p style=\"text-align: justify\">Il y montre avec l&rsquo;interpr\u00e9tation qu&rsquo;il fait des mesures d&rsquo;un kiosque \u00e0 journaux toutes les d\u00e9rives mentales et intellectuelles auxquelles cela peut conduire si on n&rsquo;y prend garde. Avec son \u00ab\u00a0<strong>Da Vinci Code\u00a0\u00bb<\/strong>, publi\u00e9 en 2003, <strong>Dan Brown<\/strong> a su exploiter toute la puissance romanesque que rec\u00e8le le langage des signes et des symboles pouss\u00e9 \u00e0 l&rsquo;extr\u00eame.<\/p>\n<p>&nbsp;<\/p>\n<h3 style=\"text-align: justify\">12 &#8211; Ismail Kadar\u00e9 (1936 &#8211; 2024)<\/h3>\n<p style=\"text-align: justify\">L&rsquo;auteur de \u00ab\u00a0Le g\u00e9n\u00e9ral de l&rsquo;arm\u00e9e morte\u00a0\u00bb qui l&rsquo;a fait fait conna\u00eetre en 1963 a pratiquement toujours v\u00e9cu dans le pays o\u00f9 il est n\u00e9 : l&rsquo;Albanie. Certes la langue officielle est l&rsquo;albanais, mais l&rsquo;italien y est presque une seconde langue maternelle. Reste d&rsquo;une \u00e9poque o\u00f9 l&rsquo;Albanie fut une colonie italienne.<\/p>\n<p style=\"text-align: justify\">Longtemps, le pays, qui correspond \u00e0<strong> l&rsquo;ancienne Illyrie<\/strong> du monde grec, fut un des moins accessibles au monde, un peu comme la Cor\u00e9e de Nord.\u00a0 Aujourd&rsquo;hui, on se rue sur les plages de ce qu&rsquo;on appelle la riviera albanaise. Incontestablement, cette ouverture, l&rsquo;Albanie la doit en partie aux livres d&rsquo;Ismail Kadar\u00e9.<\/p>\n<figure id=\"attachment_13912\" aria-describedby=\"caption-attachment-13912\" style=\"width: 500px\" class=\"wp-caption aligncenter\"><img loading=\"lazy\" decoding=\"async\" class=\"size-full wp-image-13912\" src=\"https:\/\/www.coollibri.com\/blog\/wp-content\/uploads\/BERAT-coollibri.com_.png\" alt=\"BERAT - coollibri.com\" width=\"500\" height=\"500\" \/><figcaption id=\"caption-attachment-13912\" class=\"wp-caption-text\">BERAT &#8211; coollibri.com<\/figcaption><\/figure>\n<p style=\"text-align: justify\">Quand ce dernier \u00e9crit sur le totalitarisme, ce qui est le cas de pratiquement tous ses livres, il en parle en survivant. En survivant du pouvoir totalitaire d&rsquo;<strong>Enver Hoxha<\/strong>, originaire comme lui de la ville historique de <strong>Gjiroskast\u00ebr<\/strong> et mort comme lui \u00e0 <strong>Tirana<\/strong>, sa capitale.<\/p>\n<p style=\"text-align: justify\">On lui reproche souvent de ne pas avoir su rompre suffisamment avec un r\u00e9gime d\u00e9testable et d&rsquo;avoir profit\u00e9 de sa position d&rsquo;\u00e9crivain c\u00e9l\u00e8bre \u00e0 l&rsquo;\u00e9tranger pour s&rsquo;en accommoder.<\/p>\n<p style=\"text-align: justify\">Accommodement tout relatif puisque durant la \u00ab\u00a0r\u00e9volutionnarisation\u00a0\u00bb des ann\u00e9es 67 -68, r\u00e9volution culturelle \u00e0 la mode albanaise, il dut aller se faire \u00ab\u00a0r\u00e9\u00e9duquer\u00a0\u00bb par le travail manuel \u00e0 <strong>B\u00e9rat<\/strong>, la ville aux mille fen\u00eatres.\u00a0<\/p>\n<p style=\"text-align: justify\">Quoi qu&rsquo;il en soit, toute l&rsquo;\u0153uvre d&rsquo;Ismail Kadar\u00e9 est une critique du totalitarisme sous toutes ses formes.<\/p>\n<blockquote>\n<p>Tout tyran est une infinie potentialit\u00e9 de crimes.\u00a0<\/p>\n<\/blockquote>\n<p style=\"text-align: justify\">a-t-il\u00a0 \u00e9crit dans \u00ab\u00a0Froides fleurs d&rsquo;avril\u00a0\u00bb, paru en 2000.\u00a0<\/p>\n<p>&nbsp;<\/p>\n<h4>L&rsquo;environnement socio politique comme source d&rsquo;inspiration de la litt\u00e9rature italophone<\/h4>\n<p style=\"text-align: justify\">Il y d\u00e9montre avec maestria que l&rsquo;on peut s&rsquo; opposer \u00e0 tout environnement contraint, avec intelligence et efficacit\u00e9, pour peu qu&rsquo;on sache utiliser toutes les ressources de l&rsquo;histoire et des traditions pour nourrir ses narrations.\u00a0<\/p>\n<p style=\"text-align: justify\">C&rsquo;est avec \u00ab\u00a0<strong>Le palais des r\u00eaves<\/strong>\u00ab\u00a0, publi\u00e9 en 1981, sans doute son chef d&rsquo;\u0153uvre, qu&rsquo;il d\u00e9monte avec le plus de minutie les d\u00e9lires et les m\u00e9canismes de tout pouvoir totalitaire, lequel, faut-il le rappeler, ne se r\u00e9sume pas \u00e0 telle ou telle forme particuli\u00e8re. Ce qu&rsquo;a parfaitement d\u00e9montr\u00e9 un auteur comme <strong>Michel Onfray<\/strong> dans son ouvrage intitul\u00e9 \u00ab\u00a0<a href=\"https:\/\/youtu.be\/td2WKwPP_PU\" target=\"_blank\" rel=\"noopener\">Th\u00e9orie de la dictature<\/a>\u00ab\u00a0.\u00a0<\/p>\n<figure id=\"attachment_14424\" aria-describedby=\"caption-attachment-14424\" style=\"width: 500px\" class=\"wp-caption aligncenter\"><img loading=\"lazy\" decoding=\"async\" class=\"wp-image-14424 size-full\" src=\"https:\/\/www.coollibri.com\/blog\/wp-content\/uploads\/MICHEL-ONFRAY-coollibri.com_-1.png\" alt=\"MICHEL ONFRAY - coollibri.com\" width=\"500\" height=\"500\" \/><figcaption id=\"caption-attachment-14424\" class=\"wp-caption-text\">MICHEL ONFRAY &#8211; coollibri.com<\/figcaption><\/figure>\n<p style=\"text-align: justify\">Dans son roman, dystopique, Ismail Kadare raconte ainsi l&rsquo;histoire de Mark Alem. Il a pour mission, naturellement au nom de la bonne cause,\u00a0 de recueillir les r\u00eaves de tout un chacun.\u00a0 Comme ses autres coll\u00e8gues, il\u00a0 les assemble en un tout intelligible. Le but est bien \u00e9videmment d&rsquo;en profiter pour accro\u00eetre l&#8217;emprise du pouvoir en place. Efficace, il finit par devenir le puissant administrateur en chef de l&rsquo;organisation qui assure le traitement des r\u00eaves.<\/p>\n<p style=\"text-align: justify\">Apr\u00e8s avoir lu le roman d&rsquo;Ismail Kadare,\u00a0 on ne peut manquer d&rsquo;y voir une sorte de pr\u00e9monition. Difficile de ne pas y penser quand, par exemple, le <strong>Conseil de l&rsquo;Union Europ\u00e9enne<\/strong> envisage, avec les meilleures intentions du monde, d&rsquo;imposer aux services de messagerie comme Whatsapp de scanner automatiquement tous les messages priv\u00e9s dans le cadre de son projet de <a href=\"https:\/\/hardwareand.co\/actualites\/breves\/le-vote-pour-chat-control-repousse-une-demi-victoire-pour-les-defenseurs-de-la-confidentialite\" target=\"_blank\" rel=\"noopener\"><strong>Chat Control<\/strong><\/a>.<\/p>\n<p style=\"text-align: justify\">Notons pour finir que pour Ismail Kadare la litt\u00e9rature ouvre indiscutablement un chemin vers la libert\u00e9 quels que soient les censeurs qui voudraient la contraindre \u00e0 n&rsquo;exprimer que ce que le moment pr\u00e9sent juge correct. De ce point de vue, Ismail Kadar\u00e9 m\u00e9rite amplement sa place au sommet de la litt\u00e9rature mondiale.<\/p>\n<p>&nbsp;<\/p>\n<h2>Autres auteurs remarquables de la litt\u00e9rature italophone\u00a0<\/h2>\n<p style=\"text-align: justify\">Bien \u00e9videmment, notre liste des grands auteurs italophones n&rsquo;est pas compl\u00e8te. De fait, elle est bien loin de rendre compte de la richesse de la litt\u00e9rature italophone des cinquante derni\u00e8res ann\u00e9es. Beaucoup d&rsquo;autres auteurs m\u00e9ritent d&rsquo;y figurer.\u00a0<\/p>\n<p style=\"text-align: justify\">Citons, notamment et dans le d\u00e9sordre :<\/p>\n<ul style=\"text-align: justify\">\n<li><strong>Erri de Luca<\/strong> ( 1950 -), prix F\u00e9mina \u00e9tranger 2002 avec Montedidio,<\/li>\n<li><strong>Claudio Magris<\/strong> ( 1939 -), prix Bagutta 1987 pour Danube, prix Strega 1997 pour Microcosmes,<\/li>\n<li><strong>Elsa Ferrante<\/strong> (1943 &#8211;\u00a0 ), inscrite en 2016 par\u00a0 le magazine Time sur sa liste des 100 personnes les plus influentes dans le monde,<\/li>\n<li>et encore bien d&rsquo;autres.\u00a0<\/li>\n<\/ul>\n<p style=\"text-align: justify\">Toute immersion dans la litt\u00e9rature italienne renvoie in\u00e9vitablement le lecteur d&rsquo;un roman \u00e0 un autre, du m\u00eame auteur ou non. C&rsquo;est ce renvoi qui fait aussi le charme de la lecture. Une phrase, une citation, une r\u00e9f\u00e9rence, au gr\u00e9 des pages, et c&rsquo;est autant de clefs ouvrant des portes vers d&rsquo;autres univers, d&rsquo;autres r\u00e9flexions essentielles.<\/p>\n<p style=\"text-align: justify\">C&rsquo;est l\u00e0 sans doute un des meilleurs moyens qu&rsquo;on puisse trouver, comme avec toute litt\u00e9rature de qualit\u00e9, pour \u00ab\u00a0booster\u00a0\u00bb son inspiration et se lancer sans fa\u00e7on dans sa propre \u00e9criture, et pour finir dans une <a href=\"https:\/\/www.coollibri.com\/imprimer-un-livre\" target=\"_blank\" rel=\"noopener\">auto\u00e9dition<\/a>.<\/p>\n<p style=\"text-align: justify\">\u00a0<\/p>\n","protected":false},"excerpt":{"rendered":"<p>L\u2019italien est une langue magnifique. Une langue qui chante. Une langue qui raconte. Une langue qui laisse vibrer chaque syllabe comme une note tenue. Et pourtant\u2026 lorsqu\u2019on observe les chiffres, on r\u00e9alise vite qu\u2019elle n\u2019a pas l\u2019immensit\u00e9 d\u00e9mographique des g\u00e9ants mondiaux. Environ 70 millions de locuteurs natifs. Une goutte d\u2019eau, si on la compare aux [&hellip;]<\/p>\n","protected":false},"author":8,"featured_media":13907,"comment_status":"open","ping_status":"open","sticky":false,"template":"","format":"standard","meta":{"content-type":"","footnotes":""},"categories":[2],"tags":[940,941,939],"class_list":["post-13786","post","type-post","status-publish","format-standard","has-post-thumbnail","hentry","category-ecrire-un-livre","tag-ecrivains-italiens-contemporains","tag-grands-prix-litteraires-italiens","tag-meilleurs-ecrivains-italiens"],"yoast_head":"<!-- This site is optimized with the Yoast SEO plugin v25.6 - https:\/\/yoast.com\/wordpress\/plugins\/seo\/ -->\r\n<title>La litt\u00e9rature italophone est au sommet de la litt\u00e9rature mondiale<\/title>\r\n<meta name=\"description\" content=\"Depuis au moins la Renaissance, la litt\u00e9rature italophone rassemble des auteurs qui font date et qui se situent aux tout premiers rangs\" \/>\r\n<meta name=\"robots\" content=\"index, follow, max-snippet:-1, max-image-preview:large, max-video-preview:-1\" \/>\r\n<link rel=\"canonical\" href=\"https:\/\/www.coollibri.com\/blog\/12-grands-auteurs-de-la-litterature-italophone-des-cinquante-dernieres-annees\/\" \/>\r\n<meta property=\"og:locale\" content=\"fr_FR\" \/>\r\n<meta property=\"og:type\" content=\"article\" \/>\r\n<meta property=\"og:title\" content=\"La litt\u00e9rature italophone est au sommet de la litt\u00e9rature mondiale\" \/>\r\n<meta property=\"og:description\" content=\"Depuis au moins la Renaissance, la litt\u00e9rature italophone rassemble des auteurs qui font date et qui se situent aux tout premiers rangs\" \/>\r\n<meta property=\"og:url\" content=\"https:\/\/www.coollibri.com\/blog\/12-grands-auteurs-de-la-litterature-italophone-des-cinquante-dernieres-annees\/\" \/>\r\n<meta property=\"og:site_name\" content=\"\u00c9crire un livre et auto\u00e9dition, le blog.\" \/>\r\n<meta property=\"article:publisher\" content=\"https:\/\/www.facebook.com\/CoolLibri\" \/>\r\n<meta property=\"article:published_time\" content=\"2025-10-21T06:30:52+00:00\" \/>\r\n<meta property=\"article:modified_time\" content=\"2025-12-09T10:14:52+00:00\" \/>\r\n<meta property=\"og:image\" content=\"https:\/\/www.coollibri.com\/blog\/wp-content\/uploads\/12-grands-auteurs-italophones-des-cinquante-dernie\u0300res-anne\u0301es5-coollibri.com_.png\" \/>\r\n\t<meta property=\"og:image:width\" content=\"1200\" \/>\r\n\t<meta property=\"og:image:height\" content=\"500\" \/>\r\n\t<meta property=\"og:image:type\" content=\"image\/png\" \/>\r\n<meta name=\"author\" content=\"CoolLibri Impression de livre\" \/>\r\n<meta name=\"twitter:card\" content=\"summary_large_image\" \/>\r\n<meta name=\"twitter:creator\" content=\"@coollibri\" \/>\r\n<meta name=\"twitter:site\" content=\"@coollibri\" \/>\r\n<meta name=\"twitter:label1\" content=\"\u00c9crit par\" \/>\n\t<meta name=\"twitter:data1\" content=\"CoolLibri Impression de livre\" \/>\n\t<meta name=\"twitter:label2\" content=\"Dur\u00e9e de lecture estim\u00e9e\" \/>\n\t<meta name=\"twitter:data2\" content=\"21 minutes\" \/>\r\n<script type=\"application\/ld+json\" class=\"yoast-schema-graph\">{\"@context\":\"https:\/\/schema.org\",\"@graph\":[{\"@type\":\"Article\",\"@id\":\"https:\/\/www.coollibri.com\/blog\/12-grands-auteurs-de-la-litterature-italophone-des-cinquante-dernieres-annees\/#article\",\"isPartOf\":{\"@id\":\"https:\/\/www.coollibri.com\/blog\/12-grands-auteurs-de-la-litterature-italophone-des-cinquante-dernieres-annees\/\"},\"author\":{\"name\":\"CoolLibri Impression de livre\",\"@id\":\"https:\/\/www.coollibri.com\/blog\/#\/schema\/person\/5105fe42ec9d3fe2661138a0d65013c7\"},\"headline\":\"12 grands auteurs de la litt\u00e9rature italophone des cinquante derni\u00e8res ann\u00e9es\",\"datePublished\":\"2025-10-21T06:30:52+00:00\",\"dateModified\":\"2025-12-09T10:14:52+00:00\",\"mainEntityOfPage\":{\"@id\":\"https:\/\/www.coollibri.com\/blog\/12-grands-auteurs-de-la-litterature-italophone-des-cinquante-dernieres-annees\/\"},\"wordCount\":4515,\"commentCount\":0,\"publisher\":{\"@id\":\"https:\/\/www.coollibri.com\/blog\/#organization\"},\"image\":{\"@id\":\"https:\/\/www.coollibri.com\/blog\/12-grands-auteurs-de-la-litterature-italophone-des-cinquante-dernieres-annees\/#primaryimage\"},\"thumbnailUrl\":\"https:\/\/www.coollibri.com\/blog\/wp-content\/uploads\/12-grands-auteurs-italophones-des-cinquante-dernie\u0300res-anne\u0301es5-coollibri.com_.png\",\"keywords\":[\"\u00e9crivains italiens contemporains\",\"grands prix litt\u00e9raires italiens\",\"meilleurs \u00e9crivains italiens\"],\"articleSection\":[\"\u00c9crire un livre\"],\"inLanguage\":\"fr-FR\",\"potentialAction\":[{\"@type\":\"CommentAction\",\"name\":\"Comment\",\"target\":[\"https:\/\/www.coollibri.com\/blog\/12-grands-auteurs-de-la-litterature-italophone-des-cinquante-dernieres-annees\/#respond\"]}]},{\"@type\":\"WebPage\",\"@id\":\"https:\/\/www.coollibri.com\/blog\/12-grands-auteurs-de-la-litterature-italophone-des-cinquante-dernieres-annees\/\",\"url\":\"https:\/\/www.coollibri.com\/blog\/12-grands-auteurs-de-la-litterature-italophone-des-cinquante-dernieres-annees\/\",\"name\":\"La litt\u00e9rature italophone est au sommet de la litt\u00e9rature mondiale\",\"isPartOf\":{\"@id\":\"https:\/\/www.coollibri.com\/blog\/#website\"},\"primaryImageOfPage\":{\"@id\":\"https:\/\/www.coollibri.com\/blog\/12-grands-auteurs-de-la-litterature-italophone-des-cinquante-dernieres-annees\/#primaryimage\"},\"image\":{\"@id\":\"https:\/\/www.coollibri.com\/blog\/12-grands-auteurs-de-la-litterature-italophone-des-cinquante-dernieres-annees\/#primaryimage\"},\"thumbnailUrl\":\"https:\/\/www.coollibri.com\/blog\/wp-content\/uploads\/12-grands-auteurs-italophones-des-cinquante-dernie\u0300res-anne\u0301es5-coollibri.com_.png\",\"datePublished\":\"2025-10-21T06:30:52+00:00\",\"dateModified\":\"2025-12-09T10:14:52+00:00\",\"description\":\"Depuis au moins la Renaissance, la litt\u00e9rature italophone rassemble des auteurs qui font date et qui se situent aux tout premiers rangs\",\"breadcrumb\":{\"@id\":\"https:\/\/www.coollibri.com\/blog\/12-grands-auteurs-de-la-litterature-italophone-des-cinquante-dernieres-annees\/#breadcrumb\"},\"inLanguage\":\"fr-FR\",\"potentialAction\":[{\"@type\":\"ReadAction\",\"target\":[\"https:\/\/www.coollibri.com\/blog\/12-grands-auteurs-de-la-litterature-italophone-des-cinquante-dernieres-annees\/\"]}]},{\"@type\":\"ImageObject\",\"inLanguage\":\"fr-FR\",\"@id\":\"https:\/\/www.coollibri.com\/blog\/12-grands-auteurs-de-la-litterature-italophone-des-cinquante-dernieres-annees\/#primaryimage\",\"url\":\"https:\/\/www.coollibri.com\/blog\/wp-content\/uploads\/12-grands-auteurs-italophones-des-cinquante-dernie\u0300res-anne\u0301es5-coollibri.com_.png\",\"contentUrl\":\"https:\/\/www.coollibri.com\/blog\/wp-content\/uploads\/12-grands-auteurs-italophones-des-cinquante-dernie\u0300res-anne\u0301es5-coollibri.com_.png\",\"width\":1200,\"height\":500,\"caption\":\"12 grands auteurs italophones des cinquante dernie\u0300res anne\u0301es5 - coollibri.com\"},{\"@type\":\"BreadcrumbList\",\"@id\":\"https:\/\/www.coollibri.com\/blog\/12-grands-auteurs-de-la-litterature-italophone-des-cinquante-dernieres-annees\/#breadcrumb\",\"itemListElement\":[{\"@type\":\"ListItem\",\"position\":1,\"name\":\"Accueil\",\"item\":\"https:\/\/www.coollibri.com\/blog\/\"},{\"@type\":\"ListItem\",\"position\":2,\"name\":\"12 grands auteurs de la litt\u00e9rature italophone des cinquante derni\u00e8res ann\u00e9es\"}]},{\"@type\":\"WebSite\",\"@id\":\"https:\/\/www.coollibri.com\/blog\/#website\",\"url\":\"https:\/\/www.coollibri.com\/blog\/\",\"name\":\"\u00c9crire un livre et auto\u00e9dition, le blog.\",\"description\":\"Faites une bonne impression\",\"publisher\":{\"@id\":\"https:\/\/www.coollibri.com\/blog\/#organization\"},\"potentialAction\":[{\"@type\":\"SearchAction\",\"target\":{\"@type\":\"EntryPoint\",\"urlTemplate\":\"https:\/\/www.coollibri.com\/blog\/?s={search_term_string}\"},\"query-input\":{\"@type\":\"PropertyValueSpecification\",\"valueRequired\":true,\"valueName\":\"search_term_string\"}}],\"inLanguage\":\"fr-FR\"},{\"@type\":\"Organization\",\"@id\":\"https:\/\/www.coollibri.com\/blog\/#organization\",\"name\":\"CoolLibri - Impression de livre - Auto\u00e9dition\",\"url\":\"https:\/\/www.coollibri.com\/blog\/\",\"logo\":{\"@type\":\"ImageObject\",\"inLanguage\":\"fr-FR\",\"@id\":\"https:\/\/www.coollibri.com\/blog\/#\/schema\/logo\/image\/\",\"url\":\"https:\/\/www.coollibri.com\/blog\/wp-content\/uploads\/2018\/03\/logo.png\",\"contentUrl\":\"https:\/\/www.coollibri.com\/blog\/wp-content\/uploads\/2018\/03\/logo.png\",\"width\":231,\"height\":72,\"caption\":\"CoolLibri - Impression de livre - Auto\u00e9dition\"},\"image\":{\"@id\":\"https:\/\/www.coollibri.com\/blog\/#\/schema\/logo\/image\/\"},\"sameAs\":[\"https:\/\/www.facebook.com\/CoolLibri\",\"https:\/\/x.com\/coollibri\",\"https:\/\/www.instagram.com\/coollibri\/\",\"https:\/\/www.linkedin.com\/company\/coollibri\/\",\"https:\/\/www.youtube.com\/channel\/UCg6CQOMq_0Q1Rc6DsIak0-w\"]},{\"@type\":\"Person\",\"@id\":\"https:\/\/www.coollibri.com\/blog\/#\/schema\/person\/5105fe42ec9d3fe2661138a0d65013c7\",\"name\":\"CoolLibri Impression de livre\",\"image\":{\"@type\":\"ImageObject\",\"inLanguage\":\"fr-FR\",\"@id\":\"https:\/\/www.coollibri.com\/blog\/#\/schema\/person\/image\/\",\"url\":\"https:\/\/secure.gravatar.com\/avatar\/7112ca292ee176a5d7b66db3caf74cd9?s=96&r=g\",\"contentUrl\":\"https:\/\/secure.gravatar.com\/avatar\/7112ca292ee176a5d7b66db3caf74cd9?s=96&r=g\",\"caption\":\"CoolLibri Impression de livre\"}}]}<\/script>\r\n<!-- \/ Yoast SEO plugin. -->","yoast_head_json":{"title":"La litt\u00e9rature italophone est au sommet de la litt\u00e9rature mondiale","description":"Depuis au moins la Renaissance, la litt\u00e9rature italophone rassemble des auteurs qui font date et qui se situent aux tout premiers rangs","robots":{"index":"index","follow":"follow","max-snippet":"max-snippet:-1","max-image-preview":"max-image-preview:large","max-video-preview":"max-video-preview:-1"},"canonical":"https:\/\/www.coollibri.com\/blog\/12-grands-auteurs-de-la-litterature-italophone-des-cinquante-dernieres-annees\/","og_locale":"fr_FR","og_type":"article","og_title":"La litt\u00e9rature italophone est au sommet de la litt\u00e9rature mondiale","og_description":"Depuis au moins la Renaissance, la litt\u00e9rature italophone rassemble des auteurs qui font date et qui se situent aux tout premiers rangs","og_url":"https:\/\/www.coollibri.com\/blog\/12-grands-auteurs-de-la-litterature-italophone-des-cinquante-dernieres-annees\/","og_site_name":"\u00c9crire un livre et auto\u00e9dition, le blog.","article_publisher":"https:\/\/www.facebook.com\/CoolLibri","article_published_time":"2025-10-21T06:30:52+00:00","article_modified_time":"2025-12-09T10:14:52+00:00","og_image":[{"width":1200,"height":500,"url":"https:\/\/www.coollibri.com\/blog\/wp-content\/uploads\/12-grands-auteurs-italophones-des-cinquante-dernie\u0300res-anne\u0301es5-coollibri.com_.png","type":"image\/png"}],"author":"CoolLibri Impression de livre","twitter_card":"summary_large_image","twitter_creator":"@coollibri","twitter_site":"@coollibri","twitter_misc":{"\u00c9crit par":"CoolLibri Impression de livre","Dur\u00e9e de lecture estim\u00e9e":"21 minutes"},"schema":{"@context":"https:\/\/schema.org","@graph":[{"@type":"Article","@id":"https:\/\/www.coollibri.com\/blog\/12-grands-auteurs-de-la-litterature-italophone-des-cinquante-dernieres-annees\/#article","isPartOf":{"@id":"https:\/\/www.coollibri.com\/blog\/12-grands-auteurs-de-la-litterature-italophone-des-cinquante-dernieres-annees\/"},"author":{"name":"CoolLibri Impression de livre","@id":"https:\/\/www.coollibri.com\/blog\/#\/schema\/person\/5105fe42ec9d3fe2661138a0d65013c7"},"headline":"12 grands auteurs de la litt\u00e9rature italophone des cinquante derni\u00e8res ann\u00e9es","datePublished":"2025-10-21T06:30:52+00:00","dateModified":"2025-12-09T10:14:52+00:00","mainEntityOfPage":{"@id":"https:\/\/www.coollibri.com\/blog\/12-grands-auteurs-de-la-litterature-italophone-des-cinquante-dernieres-annees\/"},"wordCount":4515,"commentCount":0,"publisher":{"@id":"https:\/\/www.coollibri.com\/blog\/#organization"},"image":{"@id":"https:\/\/www.coollibri.com\/blog\/12-grands-auteurs-de-la-litterature-italophone-des-cinquante-dernieres-annees\/#primaryimage"},"thumbnailUrl":"https:\/\/www.coollibri.com\/blog\/wp-content\/uploads\/12-grands-auteurs-italophones-des-cinquante-dernie\u0300res-anne\u0301es5-coollibri.com_.png","keywords":["\u00e9crivains italiens contemporains","grands prix litt\u00e9raires italiens","meilleurs \u00e9crivains italiens"],"articleSection":["\u00c9crire un livre"],"inLanguage":"fr-FR","potentialAction":[{"@type":"CommentAction","name":"Comment","target":["https:\/\/www.coollibri.com\/blog\/12-grands-auteurs-de-la-litterature-italophone-des-cinquante-dernieres-annees\/#respond"]}]},{"@type":"WebPage","@id":"https:\/\/www.coollibri.com\/blog\/12-grands-auteurs-de-la-litterature-italophone-des-cinquante-dernieres-annees\/","url":"https:\/\/www.coollibri.com\/blog\/12-grands-auteurs-de-la-litterature-italophone-des-cinquante-dernieres-annees\/","name":"La litt\u00e9rature italophone est au sommet de la litt\u00e9rature mondiale","isPartOf":{"@id":"https:\/\/www.coollibri.com\/blog\/#website"},"primaryImageOfPage":{"@id":"https:\/\/www.coollibri.com\/blog\/12-grands-auteurs-de-la-litterature-italophone-des-cinquante-dernieres-annees\/#primaryimage"},"image":{"@id":"https:\/\/www.coollibri.com\/blog\/12-grands-auteurs-de-la-litterature-italophone-des-cinquante-dernieres-annees\/#primaryimage"},"thumbnailUrl":"https:\/\/www.coollibri.com\/blog\/wp-content\/uploads\/12-grands-auteurs-italophones-des-cinquante-dernie\u0300res-anne\u0301es5-coollibri.com_.png","datePublished":"2025-10-21T06:30:52+00:00","dateModified":"2025-12-09T10:14:52+00:00","description":"Depuis au moins la Renaissance, la litt\u00e9rature italophone rassemble des auteurs qui font date et qui se situent aux tout premiers rangs","breadcrumb":{"@id":"https:\/\/www.coollibri.com\/blog\/12-grands-auteurs-de-la-litterature-italophone-des-cinquante-dernieres-annees\/#breadcrumb"},"inLanguage":"fr-FR","potentialAction":[{"@type":"ReadAction","target":["https:\/\/www.coollibri.com\/blog\/12-grands-auteurs-de-la-litterature-italophone-des-cinquante-dernieres-annees\/"]}]},{"@type":"ImageObject","inLanguage":"fr-FR","@id":"https:\/\/www.coollibri.com\/blog\/12-grands-auteurs-de-la-litterature-italophone-des-cinquante-dernieres-annees\/#primaryimage","url":"https:\/\/www.coollibri.com\/blog\/wp-content\/uploads\/12-grands-auteurs-italophones-des-cinquante-dernie\u0300res-anne\u0301es5-coollibri.com_.png","contentUrl":"https:\/\/www.coollibri.com\/blog\/wp-content\/uploads\/12-grands-auteurs-italophones-des-cinquante-dernie\u0300res-anne\u0301es5-coollibri.com_.png","width":1200,"height":500,"caption":"12 grands auteurs italophones des cinquante dernie\u0300res anne\u0301es5 - coollibri.com"},{"@type":"BreadcrumbList","@id":"https:\/\/www.coollibri.com\/blog\/12-grands-auteurs-de-la-litterature-italophone-des-cinquante-dernieres-annees\/#breadcrumb","itemListElement":[{"@type":"ListItem","position":1,"name":"Accueil","item":"https:\/\/www.coollibri.com\/blog\/"},{"@type":"ListItem","position":2,"name":"12 grands auteurs de la litt\u00e9rature italophone des cinquante derni\u00e8res ann\u00e9es"}]},{"@type":"WebSite","@id":"https:\/\/www.coollibri.com\/blog\/#website","url":"https:\/\/www.coollibri.com\/blog\/","name":"\u00c9crire un livre et auto\u00e9dition, le blog.","description":"Faites une bonne impression","publisher":{"@id":"https:\/\/www.coollibri.com\/blog\/#organization"},"potentialAction":[{"@type":"SearchAction","target":{"@type":"EntryPoint","urlTemplate":"https:\/\/www.coollibri.com\/blog\/?s={search_term_string}"},"query-input":{"@type":"PropertyValueSpecification","valueRequired":true,"valueName":"search_term_string"}}],"inLanguage":"fr-FR"},{"@type":"Organization","@id":"https:\/\/www.coollibri.com\/blog\/#organization","name":"CoolLibri - Impression de livre - Auto\u00e9dition","url":"https:\/\/www.coollibri.com\/blog\/","logo":{"@type":"ImageObject","inLanguage":"fr-FR","@id":"https:\/\/www.coollibri.com\/blog\/#\/schema\/logo\/image\/","url":"https:\/\/www.coollibri.com\/blog\/wp-content\/uploads\/2018\/03\/logo.png","contentUrl":"https:\/\/www.coollibri.com\/blog\/wp-content\/uploads\/2018\/03\/logo.png","width":231,"height":72,"caption":"CoolLibri - Impression de livre - Auto\u00e9dition"},"image":{"@id":"https:\/\/www.coollibri.com\/blog\/#\/schema\/logo\/image\/"},"sameAs":["https:\/\/www.facebook.com\/CoolLibri","https:\/\/x.com\/coollibri","https:\/\/www.instagram.com\/coollibri\/","https:\/\/www.linkedin.com\/company\/coollibri\/","https:\/\/www.youtube.com\/channel\/UCg6CQOMq_0Q1Rc6DsIak0-w"]},{"@type":"Person","@id":"https:\/\/www.coollibri.com\/blog\/#\/schema\/person\/5105fe42ec9d3fe2661138a0d65013c7","name":"CoolLibri Impression de livre","image":{"@type":"ImageObject","inLanguage":"fr-FR","@id":"https:\/\/www.coollibri.com\/blog\/#\/schema\/person\/image\/","url":"https:\/\/secure.gravatar.com\/avatar\/7112ca292ee176a5d7b66db3caf74cd9?s=96&r=g","contentUrl":"https:\/\/secure.gravatar.com\/avatar\/7112ca292ee176a5d7b66db3caf74cd9?s=96&r=g","caption":"CoolLibri Impression de livre"}}]}},"_links":{"self":[{"href":"https:\/\/www.coollibri.com\/blog\/wp-json\/wp\/v2\/posts\/13786"}],"collection":[{"href":"https:\/\/www.coollibri.com\/blog\/wp-json\/wp\/v2\/posts"}],"about":[{"href":"https:\/\/www.coollibri.com\/blog\/wp-json\/wp\/v2\/types\/post"}],"author":[{"embeddable":true,"href":"https:\/\/www.coollibri.com\/blog\/wp-json\/wp\/v2\/users\/8"}],"replies":[{"embeddable":true,"href":"https:\/\/www.coollibri.com\/blog\/wp-json\/wp\/v2\/comments?post=13786"}],"version-history":[{"count":123,"href":"https:\/\/www.coollibri.com\/blog\/wp-json\/wp\/v2\/posts\/13786\/revisions"}],"predecessor-version":[{"id":14425,"href":"https:\/\/www.coollibri.com\/blog\/wp-json\/wp\/v2\/posts\/13786\/revisions\/14425"}],"wp:featuredmedia":[{"embeddable":true,"href":"https:\/\/www.coollibri.com\/blog\/wp-json\/wp\/v2\/media\/13907"}],"wp:attachment":[{"href":"https:\/\/www.coollibri.com\/blog\/wp-json\/wp\/v2\/media?parent=13786"}],"wp:term":[{"taxonomy":"category","embeddable":true,"href":"https:\/\/www.coollibri.com\/blog\/wp-json\/wp\/v2\/categories?post=13786"},{"taxonomy":"post_tag","embeddable":true,"href":"https:\/\/www.coollibri.com\/blog\/wp-json\/wp\/v2\/tags?post=13786"}],"curies":[{"name":"wp","href":"https:\/\/api.w.org\/{rel}","templated":true}]}}