{"id":2398,"date":"2019-03-08T08:30:40","date_gmt":"2019-03-08T07:30:40","guid":{"rendered":"https:\/\/www.coollibri.com\/blog\/?p=2398"},"modified":"2019-03-07T11:43:16","modified_gmt":"2019-03-07T10:43:16","slug":"place-narrateur-roman","status":"publish","type":"post","link":"https:\/\/www.coollibri.com\/blog\/place-narrateur-roman\/","title":{"rendered":"Quelle place donner au narrateur dans un roman ?"},"content":{"rendered":"<p style=\"text-align: justify;\">Une fois la d\u00e9cision prise de se lancer dans l&rsquo;\u00e9criture d&rsquo;un roman, se pose instantan\u00e9ment la question de savoir quelle place donner au narrateur. Autrement dit, faut-il recourir au \u00ab\u00a0Je\u00a0\u00bb ou au \u00ab\u00a0Il\u00a0\u00bb ?<\/p>\n<h3>Ecrire \u00e0 la 1\u00e8re ou \u00e0 la 3\u00e8me personne ?<\/h3>\n<p style=\"text-align: justify;\">Le premier est plus authentique, mais un peu \u00ab\u00a0m&rsquo;as-tu-vu\u00a0\u00bb. Le second est plus distanci\u00e9, mais il peut tr\u00e8s vite tourner au \u00ab\u00a0rapport de gendarmerie\u00a0\u00bb.<\/p>\n<p style=\"text-align: justify;\">Le choix n&rsquo;est pas si simple. Il va naturellement d\u00e9pendre du sujet de la narration et de l&rsquo;aisance stylistique de l&rsquo;\u00e9crivain.<\/p>\n<p style=\"text-align: justify;\">Au fond, m\u00eame si elle se pose instantan\u00e9ment d\u00e8s le d\u00e9but de l&rsquo;\u00e9criture du roman, il n&rsquo;est pas n\u00e9cessaire d&rsquo;y r\u00e9pondre tout de suite. L&rsquo;important, c&rsquo;est de noircir des pages. De le faire de la mani\u00e8re la plus confortable possible.<\/p>\n<p>&nbsp;<\/p>\n<figure id=\"attachment_2426\" aria-describedby=\"caption-attachment-2426\" style=\"width: 640px\" class=\"wp-caption aligncenter\"><img loading=\"lazy\" decoding=\"async\" class=\"wp-image-2426 size-large\" title=\"&quot;Je&quot; ou &quot;il&quot;...tel est la question\" src=\"https:\/\/www.coollibri.com\/blog\/wp-content\/uploads\/2019\/03\/narrateur-je-et-il-1024x731.jpg\" alt=\"je ou il pour \u00e9crire un roman \u00e0 la premi\u00e8re ou troisi\u00e8me personne\" width=\"640\" height=\"457\" srcset=\"https:\/\/www.coollibri.com\/blog\/wp-content\/uploads\/2019\/03\/narrateur-je-et-il-1024x731.jpg 1024w, https:\/\/www.coollibri.com\/blog\/wp-content\/uploads\/2019\/03\/narrateur-je-et-il-300x214.jpg 300w, https:\/\/www.coollibri.com\/blog\/wp-content\/uploads\/2019\/03\/narrateur-je-et-il-768x548.jpg 768w, https:\/\/www.coollibri.com\/blog\/wp-content\/uploads\/2019\/03\/narrateur-je-et-il.jpg 1200w\" sizes=\"(max-width: 640px) 100vw, 640px\" \/><figcaption id=\"caption-attachment-2426\" class=\"wp-caption-text\">Choisir d&rsquo;\u00e9crire son roman en commen\u00e7ant par une recherche sur la narration peut s&rsquo;av\u00e9rer compliqu\u00e9<\/figcaption><\/figure>\n<p style=\"text-align: justify;\">\u00a0<\/p>\n<p style=\"text-align: justify;\">Cela dit, il y a des constantes. L&rsquo;effet produit par un \u00ab\u00a0Je\u00a0\u00bb n&rsquo;est pas le m\u00eame que l&rsquo;effet produit par un \u00ab\u00a0Il\u00a0\u00bb.<\/p>\n<p style=\"text-align: justify;\">Et, en g\u00e9n\u00e9ral, on distingue trois <strong>points de vue narratifs<\/strong> et deux<strong> types de narrateur<\/strong>. Mais, il arrive qu&rsquo;on les confonde.<\/p>\n<p style=\"text-align: justify;\">Est-ce vraiment important ? Si vous vous destinez \u00e0 l&rsquo;enseignement de la <strong>litt\u00e9rature<\/strong>, s\u00fbrement.<\/p>\n<p style=\"text-align: justify;\">Si vous voulez \u00e9crire votre premier roman, pas vraiment. Dans ce dernier cas, ce qui compte, c&rsquo;est votre <strong>r\u00e9cit<\/strong> et la mani\u00e8re dont vous vous y sentez \u00e0 l&rsquo;aise. Essayons de voir les choses simplement et de fa\u00e7on pragmatique.<\/p>\n<p>&nbsp;<\/p>\n<h2>Effet du \u00ab\u00a0Je\u00a0\u00bb<\/h2>\n<p style=\"text-align: justify;\">Vous pouvez donc raconter votre histoire \u00e0 la premi\u00e8re personne du singulier. C&rsquo;est naturel, si votre <strong>r\u00e9cit<\/strong> est celui d&rsquo;\u00e9v\u00e8nements qui vous sont arriv\u00e9s. Votre genre est alors celui de l&rsquo;autobiographie ou du r\u00e9cit \u00ab\u00a0vrai\u00a0\u00bb.<\/p>\n<p style=\"text-align: justify;\">Le \u00ab\u00a0je\u00a0\u00bb est plus difficile \u00e0 utiliser dans le cadre d&rsquo;un <strong>roman<\/strong>, par d\u00e9finition, fictif. Mais, c&rsquo;est possible dans deux cas. Votre roman peut \u00eatre un roman autobiographique comme, par exemple, le dernier roman de Fran\u00e7ois Taillandier, \u00ab\u00a0Fran\u00e7ois, roman\u00a0\u00bb.<\/p>\n<p style=\"text-align: justify;\">Vous parlez de votre vie, mais vous l&rsquo;arrangez \u00e0 votre convenance. L&rsquo;autre cas est celui o\u00f9 vous vous mettez dans la peau d&rsquo;un de vos personnages, comme s&rsquo;il \u00e9tait le double imaginaire de vous-m\u00eame.<\/p>\n<p>&nbsp;<\/p>\n<h3>Roman \u00e0 la premi\u00e8re personne, exemple<\/h3>\n<p>C&rsquo;est ce que fait Hermann Hesse avec son narrateur dans \u00ab\u00a0le voyage en Orient\u00a0\u00bb.<\/p>\n<blockquote>\n<p>Puisqu&rsquo;il m&rsquo;a \u00e9t\u00e9 donn\u00e9 de vivre de grandes choses, puisque j&rsquo;ai eu le bonheur d&rsquo;appartenir \u00e0 l'\u00a0\u00bbOrdre\u00a0\u00bb et de prendre part au singulier voyage dont le prodige, \u00e0 l&rsquo;\u00e9poque, traversa le ciel comme un m\u00e9t\u00e9ore pour tomber ensuite avec une rapidit\u00e9 si surprenante dans l&rsquo;oubli, voire dans le discr\u00e9dit, j&rsquo;ai d\u00e9cid\u00e9 de tenter une courte relation de ce voyage extraordinaire (&#8230;)<\/p>\n<\/blockquote>\n<p>Et c&rsquo;est ainsi que l&rsquo;auteur Hermann Hesse d\u00e9bute son roman. On dira, dans l&rsquo;un et l&rsquo;autre cas, que votre narrateur est un narrateur interne &#8230;<\/p>\n<p>&nbsp;<\/p>\n<h2>Effet du \u00ab\u00a0Il\u00a0\u00bb<\/h2>\n<p style=\"text-align: justify;\">Ecrire \u00e0 la troisi\u00e8me personne du singulier est tout indiqu\u00e9 si vous vous focalisez sur un de vos personnages \u00e0 la mani\u00e8re d&rsquo;une vid\u00e9osurveillance que vous auriez compl\u00e9t\u00e9e par l&rsquo;implant d&rsquo;un micro dans son cerveau. Vous avez acc\u00e8s \u00e0 ses moindres pens\u00e9es, \u00e0 ses moindres sensations et vous suivez ses moindres mouvements.<\/p>\n<p style=\"text-align: justify;\">Et vous dites tout \u00e0 vos lecteurs. C&rsquo;est le cas le plus fr\u00e9quent.<\/p>\n<p>Pour l&rsquo;illustrer. Ian Manook, auteur de \u00ab\u00a0<em>Les temps sauvages<\/em>\u00ab\u00a0, commence son roman ainsi :<\/p>\n<blockquote>\n<p>Engonc\u00e9e dans sa parka polaire, l&rsquo;inspecteur Oyun essayait de comprendre l&#8217;empilement des choses. Elle s&rsquo;\u00e9tait accroupie dans la neige qui crissait et s&rsquo;\u00e9tait pench\u00e9e pour mieux voir. Le froid lui tailladait les pupilles et l&rsquo;air glac\u00e9 lui griffait les sinus \u00e0 chaque inspiration.<\/p>\n<\/blockquote>\n<p>&nbsp;<\/p>\n<p style=\"text-align: justify;\">M\u00eame chose, si vous vous focalisez sur tous vos personnages \u00e0 la fois, comme le ferait un \u00ab\u00a0Big Brother\u00a0\u00bb. Vous \u00eates comme le Dieu tout puissant de l&rsquo;univers fictionnel que vous avez cr\u00e9\u00e9.<\/p>\n<p style=\"text-align: justify;\">Et vous faites comprendre \u00e0 vos lecteurs que vous savez tout de leur pass\u00e9, de leur pr\u00e9sent et de leur futur. Vous pouvez m\u00eame les pr\u00e9parer, d\u00e8s le d\u00e9but de votre <strong>roman<\/strong>, \u00e0 la mani\u00e8re dont il va se finir.<\/p>\n<p>&nbsp;<\/p>\n<p style=\"text-align: justify;\">Il y a bien une autre fa\u00e7on d&rsquo;utiliser aussi le \u00ab\u00a0il\u00a0\u00bb. C&rsquo;est notamment, par exemple, quand vous vous astreignez \u00e0 rendre compte de mani\u00e8re strictement objective d&rsquo;une situation dans laquelle est impliqu\u00e9 le personnage que vous avez d\u00e9cid\u00e9 de suivre en priorit\u00e9.<\/p>\n<p style=\"text-align: justify;\">Hum ! Disons-le. Cela peut faire un peu sec.<\/p>\n<p>&nbsp;<\/p>\n<p>Voil\u00e0. Les sp\u00e9cialistes disent que vous avez ainsi le choix entre un narrateur interne avec focalisation externe, un narrateur externe avec focalisation \u00ab\u00a0O\u00a0\u00bb, en quelque sorte \u00ab\u00a0en surplomb\u00a0\u00bb et un narrateur externe avec focalisation externe &#8230;<\/p>\n<p>&nbsp;<\/p>\n<h2>Quel narrateur faut-il choisir ?<\/h2>\n<p style=\"text-align: justify;\">Si vous avez vraiment des doutes et que vous h\u00e9sitez toujours entre l&#8217;emploi du \u00ab\u00a0Je\u00a0\u00bb et celui du \u00ab\u00a0Il\u00a0\u00bb, \u00e9crivez avec l&rsquo;un et l&rsquo;autre. En prenant la m\u00eame sc\u00e8ne ou plusieurs sc\u00e8nes diff\u00e9rentes.<\/p>\n<p style=\"text-align: justify;\">Laissez passer du temps et remettez des copies de vos premi\u00e8res pages \u00e0 un ou plusieurs relecteurs. Vous saurez tr\u00e8s vite quel type de <strong>narrateur<\/strong> et quel <strong>point de vue<\/strong> <strong>narratif<\/strong> conviennent \u00e0 l&rsquo;histoire que vous voulez raconter.<\/p>\n<p>&nbsp;<\/p>\n<p>Deux conseils pour finir.<\/p>\n<ul>\n<li>Si d\u00e9cid\u00e9ment le \u00ab\u00a0Je\u00a0\u00bb et le \u00ab\u00a0Il\u00a0\u00bb vous ennuient.<\/li>\n<\/ul>\n<p>Vous pouvez aussi recourir au \u00ab\u00a0Tu\u00a0\u00bb. Aucune interdiction ne p\u00e8se sur lui. Sachez cependant qu&rsquo;il est plut\u00f4t r\u00e9serv\u00e9 aux textes pol\u00e9miques et ne convient pas trop au roman. Mais, cela peut \u00eatre original. Le dernier livre de Fran\u00e7ois B\u00e9gaudeau \u00ab\u00a0<em>Histoire de ta b\u00eatise<\/em>\u00ab\u00a0, par exemple, est \u00e9crit sous cette forme.<\/p>\n<p>&nbsp;<\/p>\n<ul>\n<li>Enfin, vous pouvez m\u00ealer les approches \u00e0 condition de rester coh\u00e9rent.<\/li>\n<\/ul>\n<p>Ainsi, vous pouvez d\u00e9couper votre roman de telle fa\u00e7on qu&rsquo;un chapitre corresponde \u00e0 un personnage et un autre, \u00e0 un autre personnage. Le grand roman de science-fiction \u00ab\u00a0The Expanse\u00a0\u00bb, \u00e9crit par James Corey, est construit de cette mani\u00e8re.<\/p>\n<p>&nbsp;<\/p>\n<p>&nbsp;<\/p>\n<p>&nbsp;<\/p>\n<p>&nbsp;<\/p>\n<p>&nbsp;<\/p>\n<p>&nbsp;<\/p>\n<p>&nbsp;<\/p>\n","protected":false},"excerpt":{"rendered":"<p>Une fois la d\u00e9cision prise de se lancer dans l&rsquo;\u00e9criture d&rsquo;un roman, se pose instantan\u00e9ment la question de savoir quelle place donner au narrateur. Autrement dit, faut-il recourir au \u00ab\u00a0Je\u00a0\u00bb ou au \u00ab\u00a0Il\u00a0\u00bb ? Ecrire \u00e0 la 1\u00e8re ou \u00e0 la 3\u00e8me personne ? Le premier est plus authentique, mais un peu \u00ab\u00a0m&rsquo;as-tu-vu\u00a0\u00bb. Le second [&hellip;]<\/p>\n","protected":false},"author":8,"featured_media":2425,"comment_status":"open","ping_status":"open","sticky":false,"template":"","format":"standard","meta":{"content-type":"","footnotes":""},"categories":[2],"tags":[195,164,194,193,196],"class_list":["post-2398","post","type-post","status-publish","format-standard","has-post-thumbnail","hentry","category-ecrire-un-livre","tag-choix-du-narrateur","tag-ecrire-un-roman","tag-emploi-du-il","tag-emploi-du-je","tag-emploi-du-tu"],"yoast_head":"<!-- This site is optimized with the Yoast SEO plugin v25.6 - https:\/\/yoast.com\/wordpress\/plugins\/seo\/ -->\r\n<title>\u00c9crire \u00e0 la 1ere ou 3eme personne, quelle place pour le narrateur.<\/title>\r\n<meta name=\"description\" content=\"\u00c9crire un roman \u00e0 la premi\u00e8re ou la troisi\u00e8me personne du singulier affecte le sentiment du lecteur. Apprenez \u00e0 utiliser le bon pronom\" \/>\r\n<meta name=\"robots\" content=\"index, follow, max-snippet:-1, max-image-preview:large, max-video-preview:-1\" \/>\r\n<link rel=\"canonical\" href=\"https:\/\/www.coollibri.com\/blog\/place-narrateur-roman\/\" \/>\r\n<meta property=\"og:locale\" content=\"fr_FR\" \/>\r\n<meta property=\"og:type\" content=\"article\" \/>\r\n<meta property=\"og:title\" content=\"\u00c9crire \u00e0 la 1ere ou 3eme personne, quelle place pour le narrateur.\" \/>\r\n<meta property=\"og:description\" content=\"\u00c9crire un roman \u00e0 la premi\u00e8re ou la troisi\u00e8me personne du singulier affecte le sentiment du lecteur. Apprenez \u00e0 utiliser le bon pronom\" \/>\r\n<meta property=\"og:url\" content=\"https:\/\/www.coollibri.com\/blog\/place-narrateur-roman\/\" \/>\r\n<meta property=\"og:site_name\" content=\"\u00c9crire un livre et auto\u00e9dition, le blog.\" \/>\r\n<meta property=\"article:publisher\" content=\"https:\/\/www.facebook.com\/CoolLibri\" \/>\r\n<meta property=\"article:published_time\" content=\"2019-03-08T07:30:40+00:00\" \/>\r\n<meta property=\"og:image\" content=\"https:\/\/www.coollibri.com\/blog\/wp-content\/uploads\/2019\/03\/quelle-place-donner-au-narrateur-dans-un-roman.jpg\" \/>\r\n\t<meta property=\"og:image:width\" content=\"1600\" \/>\r\n\t<meta property=\"og:image:height\" content=\"500\" \/>\r\n\t<meta property=\"og:image:type\" content=\"image\/jpeg\" \/>\r\n<meta name=\"author\" content=\"CoolLibri Impression de livre\" \/>\r\n<meta name=\"twitter:card\" content=\"summary_large_image\" \/>\r\n<meta name=\"twitter:creator\" content=\"@coollibri\" \/>\r\n<meta name=\"twitter:site\" content=\"@coollibri\" \/>\r\n<meta name=\"twitter:label1\" content=\"\u00c9crit par\" \/>\n\t<meta name=\"twitter:data1\" content=\"CoolLibri Impression de livre\" \/>\n\t<meta name=\"twitter:label2\" content=\"Dur\u00e9e de lecture estim\u00e9e\" \/>\n\t<meta name=\"twitter:data2\" content=\"5 minutes\" \/>\r\n<script type=\"application\/ld+json\" class=\"yoast-schema-graph\">{\"@context\":\"https:\/\/schema.org\",\"@graph\":[{\"@type\":\"Article\",\"@id\":\"https:\/\/www.coollibri.com\/blog\/place-narrateur-roman\/#article\",\"isPartOf\":{\"@id\":\"https:\/\/www.coollibri.com\/blog\/place-narrateur-roman\/\"},\"author\":{\"name\":\"CoolLibri Impression de livre\",\"@id\":\"https:\/\/www.coollibri.com\/blog\/#\/schema\/person\/5105fe42ec9d3fe2661138a0d65013c7\"},\"headline\":\"Quelle place donner au narrateur dans un roman ?\",\"datePublished\":\"2019-03-08T07:30:40+00:00\",\"mainEntityOfPage\":{\"@id\":\"https:\/\/www.coollibri.com\/blog\/place-narrateur-roman\/\"},\"wordCount\":1068,\"commentCount\":1,\"publisher\":{\"@id\":\"https:\/\/www.coollibri.com\/blog\/#organization\"},\"image\":{\"@id\":\"https:\/\/www.coollibri.com\/blog\/place-narrateur-roman\/#primaryimage\"},\"thumbnailUrl\":\"https:\/\/www.coollibri.com\/blog\/wp-content\/uploads\/2019\/03\/quelle-place-donner-au-narrateur-dans-un-roman.jpg\",\"keywords\":[\"choix du narrateur\",\"\u00e9crire un roman\",\"emploi du \\\"il\\\"\",\"emploi du \\\"je\\\"\",\"emploi du \\\"tu\\\"\"],\"articleSection\":[\"\u00c9crire un livre\"],\"inLanguage\":\"fr-FR\",\"potentialAction\":[{\"@type\":\"CommentAction\",\"name\":\"Comment\",\"target\":[\"https:\/\/www.coollibri.com\/blog\/place-narrateur-roman\/#respond\"]}]},{\"@type\":\"WebPage\",\"@id\":\"https:\/\/www.coollibri.com\/blog\/place-narrateur-roman\/\",\"url\":\"https:\/\/www.coollibri.com\/blog\/place-narrateur-roman\/\",\"name\":\"\u00c9crire \u00e0 la 1ere ou 3eme personne, quelle place pour le narrateur.\",\"isPartOf\":{\"@id\":\"https:\/\/www.coollibri.com\/blog\/#website\"},\"primaryImageOfPage\":{\"@id\":\"https:\/\/www.coollibri.com\/blog\/place-narrateur-roman\/#primaryimage\"},\"image\":{\"@id\":\"https:\/\/www.coollibri.com\/blog\/place-narrateur-roman\/#primaryimage\"},\"thumbnailUrl\":\"https:\/\/www.coollibri.com\/blog\/wp-content\/uploads\/2019\/03\/quelle-place-donner-au-narrateur-dans-un-roman.jpg\",\"datePublished\":\"2019-03-08T07:30:40+00:00\",\"description\":\"\u00c9crire un roman \u00e0 la premi\u00e8re ou la troisi\u00e8me personne du singulier affecte le sentiment du lecteur. Apprenez \u00e0 utiliser le bon pronom\",\"breadcrumb\":{\"@id\":\"https:\/\/www.coollibri.com\/blog\/place-narrateur-roman\/#breadcrumb\"},\"inLanguage\":\"fr-FR\",\"potentialAction\":[{\"@type\":\"ReadAction\",\"target\":[\"https:\/\/www.coollibri.com\/blog\/place-narrateur-roman\/\"]}]},{\"@type\":\"ImageObject\",\"inLanguage\":\"fr-FR\",\"@id\":\"https:\/\/www.coollibri.com\/blog\/place-narrateur-roman\/#primaryimage\",\"url\":\"https:\/\/www.coollibri.com\/blog\/wp-content\/uploads\/2019\/03\/quelle-place-donner-au-narrateur-dans-un-roman.jpg\",\"contentUrl\":\"https:\/\/www.coollibri.com\/blog\/wp-content\/uploads\/2019\/03\/quelle-place-donner-au-narrateur-dans-un-roman.jpg\",\"width\":1600,\"height\":500,\"caption\":\"roman \u00e0 la premi\u00e8re personne quelle place donner au narrateur dans un roman\"},{\"@type\":\"BreadcrumbList\",\"@id\":\"https:\/\/www.coollibri.com\/blog\/place-narrateur-roman\/#breadcrumb\",\"itemListElement\":[{\"@type\":\"ListItem\",\"position\":1,\"name\":\"Accueil\",\"item\":\"https:\/\/www.coollibri.com\/blog\/\"},{\"@type\":\"ListItem\",\"position\":2,\"name\":\"Quelle place donner au narrateur dans un roman ?\"}]},{\"@type\":\"WebSite\",\"@id\":\"https:\/\/www.coollibri.com\/blog\/#website\",\"url\":\"https:\/\/www.coollibri.com\/blog\/\",\"name\":\"\u00c9crire un livre et auto\u00e9dition, le blog.\",\"description\":\"Faites une bonne impression\",\"publisher\":{\"@id\":\"https:\/\/www.coollibri.com\/blog\/#organization\"},\"potentialAction\":[{\"@type\":\"SearchAction\",\"target\":{\"@type\":\"EntryPoint\",\"urlTemplate\":\"https:\/\/www.coollibri.com\/blog\/?s={search_term_string}\"},\"query-input\":{\"@type\":\"PropertyValueSpecification\",\"valueRequired\":true,\"valueName\":\"search_term_string\"}}],\"inLanguage\":\"fr-FR\"},{\"@type\":\"Organization\",\"@id\":\"https:\/\/www.coollibri.com\/blog\/#organization\",\"name\":\"CoolLibri - Impression de livre - Auto\u00e9dition\",\"url\":\"https:\/\/www.coollibri.com\/blog\/\",\"logo\":{\"@type\":\"ImageObject\",\"inLanguage\":\"fr-FR\",\"@id\":\"https:\/\/www.coollibri.com\/blog\/#\/schema\/logo\/image\/\",\"url\":\"https:\/\/www.coollibri.com\/blog\/wp-content\/uploads\/2018\/03\/logo.png\",\"contentUrl\":\"https:\/\/www.coollibri.com\/blog\/wp-content\/uploads\/2018\/03\/logo.png\",\"width\":231,\"height\":72,\"caption\":\"CoolLibri - Impression de livre - Auto\u00e9dition\"},\"image\":{\"@id\":\"https:\/\/www.coollibri.com\/blog\/#\/schema\/logo\/image\/\"},\"sameAs\":[\"https:\/\/www.facebook.com\/CoolLibri\",\"https:\/\/x.com\/coollibri\",\"https:\/\/www.instagram.com\/coollibri\/\",\"https:\/\/www.linkedin.com\/company\/coollibri\/\",\"https:\/\/www.youtube.com\/channel\/UCg6CQOMq_0Q1Rc6DsIak0-w\"]},{\"@type\":\"Person\",\"@id\":\"https:\/\/www.coollibri.com\/blog\/#\/schema\/person\/5105fe42ec9d3fe2661138a0d65013c7\",\"name\":\"CoolLibri Impression de livre\",\"image\":{\"@type\":\"ImageObject\",\"inLanguage\":\"fr-FR\",\"@id\":\"https:\/\/www.coollibri.com\/blog\/#\/schema\/person\/image\/\",\"url\":\"https:\/\/secure.gravatar.com\/avatar\/7112ca292ee176a5d7b66db3caf74cd9?s=96&r=g\",\"contentUrl\":\"https:\/\/secure.gravatar.com\/avatar\/7112ca292ee176a5d7b66db3caf74cd9?s=96&r=g\",\"caption\":\"CoolLibri Impression de livre\"}}]}<\/script>\r\n<!-- \/ Yoast SEO plugin. -->","yoast_head_json":{"title":"\u00c9crire \u00e0 la 1ere ou 3eme personne, quelle place pour le narrateur.","description":"\u00c9crire un roman \u00e0 la premi\u00e8re ou la troisi\u00e8me personne du singulier affecte le sentiment du lecteur. Apprenez \u00e0 utiliser le bon pronom","robots":{"index":"index","follow":"follow","max-snippet":"max-snippet:-1","max-image-preview":"max-image-preview:large","max-video-preview":"max-video-preview:-1"},"canonical":"https:\/\/www.coollibri.com\/blog\/place-narrateur-roman\/","og_locale":"fr_FR","og_type":"article","og_title":"\u00c9crire \u00e0 la 1ere ou 3eme personne, quelle place pour le narrateur.","og_description":"\u00c9crire un roman \u00e0 la premi\u00e8re ou la troisi\u00e8me personne du singulier affecte le sentiment du lecteur. Apprenez \u00e0 utiliser le bon pronom","og_url":"https:\/\/www.coollibri.com\/blog\/place-narrateur-roman\/","og_site_name":"\u00c9crire un livre et auto\u00e9dition, le blog.","article_publisher":"https:\/\/www.facebook.com\/CoolLibri","article_published_time":"2019-03-08T07:30:40+00:00","og_image":[{"width":1600,"height":500,"url":"https:\/\/www.coollibri.com\/blog\/wp-content\/uploads\/2019\/03\/quelle-place-donner-au-narrateur-dans-un-roman.jpg","type":"image\/jpeg"}],"author":"CoolLibri Impression de livre","twitter_card":"summary_large_image","twitter_creator":"@coollibri","twitter_site":"@coollibri","twitter_misc":{"\u00c9crit par":"CoolLibri Impression de livre","Dur\u00e9e de lecture estim\u00e9e":"5 minutes"},"schema":{"@context":"https:\/\/schema.org","@graph":[{"@type":"Article","@id":"https:\/\/www.coollibri.com\/blog\/place-narrateur-roman\/#article","isPartOf":{"@id":"https:\/\/www.coollibri.com\/blog\/place-narrateur-roman\/"},"author":{"name":"CoolLibri Impression de livre","@id":"https:\/\/www.coollibri.com\/blog\/#\/schema\/person\/5105fe42ec9d3fe2661138a0d65013c7"},"headline":"Quelle place donner au narrateur dans un roman ?","datePublished":"2019-03-08T07:30:40+00:00","mainEntityOfPage":{"@id":"https:\/\/www.coollibri.com\/blog\/place-narrateur-roman\/"},"wordCount":1068,"commentCount":1,"publisher":{"@id":"https:\/\/www.coollibri.com\/blog\/#organization"},"image":{"@id":"https:\/\/www.coollibri.com\/blog\/place-narrateur-roman\/#primaryimage"},"thumbnailUrl":"https:\/\/www.coollibri.com\/blog\/wp-content\/uploads\/2019\/03\/quelle-place-donner-au-narrateur-dans-un-roman.jpg","keywords":["choix du narrateur","\u00e9crire un roman","emploi du \"il\"","emploi du \"je\"","emploi du \"tu\""],"articleSection":["\u00c9crire un livre"],"inLanguage":"fr-FR","potentialAction":[{"@type":"CommentAction","name":"Comment","target":["https:\/\/www.coollibri.com\/blog\/place-narrateur-roman\/#respond"]}]},{"@type":"WebPage","@id":"https:\/\/www.coollibri.com\/blog\/place-narrateur-roman\/","url":"https:\/\/www.coollibri.com\/blog\/place-narrateur-roman\/","name":"\u00c9crire \u00e0 la 1ere ou 3eme personne, quelle place pour le narrateur.","isPartOf":{"@id":"https:\/\/www.coollibri.com\/blog\/#website"},"primaryImageOfPage":{"@id":"https:\/\/www.coollibri.com\/blog\/place-narrateur-roman\/#primaryimage"},"image":{"@id":"https:\/\/www.coollibri.com\/blog\/place-narrateur-roman\/#primaryimage"},"thumbnailUrl":"https:\/\/www.coollibri.com\/blog\/wp-content\/uploads\/2019\/03\/quelle-place-donner-au-narrateur-dans-un-roman.jpg","datePublished":"2019-03-08T07:30:40+00:00","description":"\u00c9crire un roman \u00e0 la premi\u00e8re ou la troisi\u00e8me personne du singulier affecte le sentiment du lecteur. Apprenez \u00e0 utiliser le bon pronom","breadcrumb":{"@id":"https:\/\/www.coollibri.com\/blog\/place-narrateur-roman\/#breadcrumb"},"inLanguage":"fr-FR","potentialAction":[{"@type":"ReadAction","target":["https:\/\/www.coollibri.com\/blog\/place-narrateur-roman\/"]}]},{"@type":"ImageObject","inLanguage":"fr-FR","@id":"https:\/\/www.coollibri.com\/blog\/place-narrateur-roman\/#primaryimage","url":"https:\/\/www.coollibri.com\/blog\/wp-content\/uploads\/2019\/03\/quelle-place-donner-au-narrateur-dans-un-roman.jpg","contentUrl":"https:\/\/www.coollibri.com\/blog\/wp-content\/uploads\/2019\/03\/quelle-place-donner-au-narrateur-dans-un-roman.jpg","width":1600,"height":500,"caption":"roman \u00e0 la premi\u00e8re personne quelle place donner au narrateur dans un roman"},{"@type":"BreadcrumbList","@id":"https:\/\/www.coollibri.com\/blog\/place-narrateur-roman\/#breadcrumb","itemListElement":[{"@type":"ListItem","position":1,"name":"Accueil","item":"https:\/\/www.coollibri.com\/blog\/"},{"@type":"ListItem","position":2,"name":"Quelle place donner au narrateur dans un roman ?"}]},{"@type":"WebSite","@id":"https:\/\/www.coollibri.com\/blog\/#website","url":"https:\/\/www.coollibri.com\/blog\/","name":"\u00c9crire un livre et auto\u00e9dition, le blog.","description":"Faites une bonne impression","publisher":{"@id":"https:\/\/www.coollibri.com\/blog\/#organization"},"potentialAction":[{"@type":"SearchAction","target":{"@type":"EntryPoint","urlTemplate":"https:\/\/www.coollibri.com\/blog\/?s={search_term_string}"},"query-input":{"@type":"PropertyValueSpecification","valueRequired":true,"valueName":"search_term_string"}}],"inLanguage":"fr-FR"},{"@type":"Organization","@id":"https:\/\/www.coollibri.com\/blog\/#organization","name":"CoolLibri - Impression de livre - Auto\u00e9dition","url":"https:\/\/www.coollibri.com\/blog\/","logo":{"@type":"ImageObject","inLanguage":"fr-FR","@id":"https:\/\/www.coollibri.com\/blog\/#\/schema\/logo\/image\/","url":"https:\/\/www.coollibri.com\/blog\/wp-content\/uploads\/2018\/03\/logo.png","contentUrl":"https:\/\/www.coollibri.com\/blog\/wp-content\/uploads\/2018\/03\/logo.png","width":231,"height":72,"caption":"CoolLibri - Impression de livre - Auto\u00e9dition"},"image":{"@id":"https:\/\/www.coollibri.com\/blog\/#\/schema\/logo\/image\/"},"sameAs":["https:\/\/www.facebook.com\/CoolLibri","https:\/\/x.com\/coollibri","https:\/\/www.instagram.com\/coollibri\/","https:\/\/www.linkedin.com\/company\/coollibri\/","https:\/\/www.youtube.com\/channel\/UCg6CQOMq_0Q1Rc6DsIak0-w"]},{"@type":"Person","@id":"https:\/\/www.coollibri.com\/blog\/#\/schema\/person\/5105fe42ec9d3fe2661138a0d65013c7","name":"CoolLibri Impression de livre","image":{"@type":"ImageObject","inLanguage":"fr-FR","@id":"https:\/\/www.coollibri.com\/blog\/#\/schema\/person\/image\/","url":"https:\/\/secure.gravatar.com\/avatar\/7112ca292ee176a5d7b66db3caf74cd9?s=96&r=g","contentUrl":"https:\/\/secure.gravatar.com\/avatar\/7112ca292ee176a5d7b66db3caf74cd9?s=96&r=g","caption":"CoolLibri Impression de livre"}}]}},"_links":{"self":[{"href":"https:\/\/www.coollibri.com\/blog\/wp-json\/wp\/v2\/posts\/2398"}],"collection":[{"href":"https:\/\/www.coollibri.com\/blog\/wp-json\/wp\/v2\/posts"}],"about":[{"href":"https:\/\/www.coollibri.com\/blog\/wp-json\/wp\/v2\/types\/post"}],"author":[{"embeddable":true,"href":"https:\/\/www.coollibri.com\/blog\/wp-json\/wp\/v2\/users\/8"}],"replies":[{"embeddable":true,"href":"https:\/\/www.coollibri.com\/blog\/wp-json\/wp\/v2\/comments?post=2398"}],"version-history":[{"count":14,"href":"https:\/\/www.coollibri.com\/blog\/wp-json\/wp\/v2\/posts\/2398\/revisions"}],"predecessor-version":[{"id":2441,"href":"https:\/\/www.coollibri.com\/blog\/wp-json\/wp\/v2\/posts\/2398\/revisions\/2441"}],"wp:featuredmedia":[{"embeddable":true,"href":"https:\/\/www.coollibri.com\/blog\/wp-json\/wp\/v2\/media\/2425"}],"wp:attachment":[{"href":"https:\/\/www.coollibri.com\/blog\/wp-json\/wp\/v2\/media?parent=2398"}],"wp:term":[{"taxonomy":"category","embeddable":true,"href":"https:\/\/www.coollibri.com\/blog\/wp-json\/wp\/v2\/categories?post=2398"},{"taxonomy":"post_tag","embeddable":true,"href":"https:\/\/www.coollibri.com\/blog\/wp-json\/wp\/v2\/tags?post=2398"}],"curies":[{"name":"wp","href":"https:\/\/api.w.org\/{rel}","templated":true}]}}