{"id":2802,"date":"2019-05-22T08:30:15","date_gmt":"2019-05-22T06:30:15","guid":{"rendered":"https:\/\/www.coollibri.com\/blog\/?p=2802"},"modified":"2019-06-07T14:30:49","modified_gmt":"2019-06-07T12:30:49","slug":"quelles-mentions-legales-couverture-livre","status":"publish","type":"post","link":"https:\/\/www.coollibri.com\/blog\/quelles-mentions-legales-couverture-livre\/","title":{"rendered":"Quelles mentions l\u00e9gales sur la couverture d&rsquo;un livre ?"},"content":{"rendered":"<p style=\"text-align: justify;\">Vous \u00eates en train de publier un livre ? F\u00e9licitations ! Mais avant que votre roman soit fin pr\u00eat \u00e0 \u00eatre imprim\u00e9 puis commercialis\u00e9, il vous faut peaufiner les derniers d\u00e9tails.<\/p>\n<p style=\"text-align: justify;\">Parmi ces v\u00e9rifications de derni\u00e8re minute, n&rsquo;oubliez pas que vous \u00eates responsable des mentions l\u00e9gales sur la couverture d&rsquo;un livre.<\/p>\n<p>&nbsp;<\/p>\n<h2 style=\"text-align: justify;\">Quelles mentions l\u00e9gales sur la couverture d&rsquo;un livre ?<\/h2>\n<p><span style=\"font-family: georgia, palatino, serif;\">Voici la liste des mentions l\u00e9gales \u00e0 ne pas n\u00e9gliger sur un livre (<span style=\"font-size: medium;\">soit sur la <\/span>derni\u00e8re page de l&rsquo;ouvrag<span style=\"font-size: medium;\">e <\/span><span style=\"font-size: medium;\">soit sur la page pr\u00e9c\u00e9dant la page de titre.)<\/span><\/span>\u00a0:<\/p>\n<ul style=\"text-align: justify;\">\n<li>Le nom ou la raison sociale et l&rsquo;adresse de l&rsquo;\u00e9diteur.<\/li>\n<\/ul>\n<p>&nbsp;<\/p>\n<ul style=\"text-align: justify;\">\n<li>Le nom et l&rsquo;adresse de l&rsquo;imprimeur.<\/li>\n<\/ul>\n<p>&nbsp;<\/p>\n<ul style=\"text-align: justify;\">\n<li>La date de cr\u00e9ation et d&rsquo;\u00e9dition du livre.<\/li>\n<\/ul>\n<p>&nbsp;<\/p>\n<ul style=\"text-align: justify;\">\n<li>Les pays de production du livre (en cas d&rsquo;impression \u00e0 l&rsquo;\u00e9tranger).<\/li>\n<\/ul>\n<p>&nbsp;<\/p>\n<ul style=\"text-align: justify;\">\n<li>La mention \u00ab\u00a0D\u00e9p\u00f4t l\u00e9gal\u00a0\u00bb suivi de la date de l&rsquo;ex\u00e9cution du d\u00e9p\u00f4t.<\/li>\n<\/ul>\n<p>&nbsp;<\/p>\n<ul style=\"text-align: justify;\">\n<li>La date d&rsquo;ach\u00e8vement et l&rsquo;ann\u00e9e du premier tirage (seulement en cas de premier tirage).<\/li>\n<\/ul>\n<p>&nbsp;<\/p>\n<ul style=\"text-align: justify;\">\n<li>La date de r\u00e9impression \u00e0 l&rsquo;identique si n\u00e9cessaire.<\/li>\n<\/ul>\n<p>&nbsp;<\/p>\n<figure id=\"attachment_2819\" aria-describedby=\"caption-attachment-2819\" style=\"width: 640px\" class=\"wp-caption aligncenter\"><img loading=\"lazy\" decoding=\"async\" class=\"wp-image-2819 size-large\" title=\"L'&quot;achev\u00e9 d'imprim\u00e9&quot; : mention l\u00e9gale obligatoire\" src=\"https:\/\/www.coollibri.com\/blog\/wp-content\/uploads\/2019\/05\/quelles-mentions-legales-sur-la-couverture-d-un-livre-1024x731.jpg\" alt=\"Mention l\u00e9gale obligatoire : l'Achev\u00e9 d'imprim\u00e9\" width=\"640\" height=\"457\" srcset=\"https:\/\/www.coollibri.com\/blog\/wp-content\/uploads\/2019\/05\/quelles-mentions-legales-sur-la-couverture-d-un-livre-1024x731.jpg 1024w, https:\/\/www.coollibri.com\/blog\/wp-content\/uploads\/2019\/05\/quelles-mentions-legales-sur-la-couverture-d-un-livre-300x214.jpg 300w, https:\/\/www.coollibri.com\/blog\/wp-content\/uploads\/2019\/05\/quelles-mentions-legales-sur-la-couverture-d-un-livre-768x548.jpg 768w, https:\/\/www.coollibri.com\/blog\/wp-content\/uploads\/2019\/05\/quelles-mentions-legales-sur-la-couverture-d-un-livre.jpg 1200w\" sizes=\"(max-width: 640px) 100vw, 640px\" \/><figcaption id=\"caption-attachment-2819\" class=\"wp-caption-text\">Sur l&rsquo;avant derni\u00e8re page de votre livre<\/figcaption><\/figure>\n<p>&nbsp;<\/p>\n<ul style=\"text-align: justify;\">\n<li>L&rsquo;<a href=\"https:\/\/www.coollibri.com\/blog\/comment-transformer-un-isbn-en-code-barres\/\" target=\"_blank\" rel=\"noopener noreferrer\">ISBN<\/a> au verso de la page de titre, en bas de la 4\u00e8me de couverture et \u00e9ventuellement en bas de la derni\u00e8re page de la jaquette.<\/li>\n<\/ul>\n<p>&nbsp;<\/p>\n<ul style=\"text-align: justify;\">\n<li>Le prix en euros (sauf dans le cas d&rsquo;une collection homog\u00e8ne).<\/li>\n<\/ul>\n<p>&nbsp;<\/p>\n<ul style=\"text-align: justify;\">\n<li>La mention \u00ab\u00a0Loi n\u00b049-956 du 16 juillet 1949 sur les publications destin\u00e9es \u00e0 la jeunesse, modifi\u00e9e par la loi n\u00b02011-525 du 17 mai 2011\u00a0\u00bb pour les \u0153uvres jeunesse.<\/li>\n<\/ul>\n<p>&nbsp;<\/p>\n<h2 style=\"text-align: justify;\">Quelles sont les mentions facultatives sur la couverture d&rsquo;un livre ?<\/h2>\n<p style=\"text-align: justify;\">Le <strong>copyright<\/strong> n&rsquo;est pas obligatoire mais on le retrouve souvent en dessous de l&rsquo;ISBN. Il se pr\u00e9sente sous la forme \u00ab\u00a0Copyright, \u00c9diteur, Ann\u00e9e\u00a0\u00bb ou bien : \u00ab\u00a0\u00a9, \u00c9diteur, Ann\u00e9e\u00a0\u00bb.<\/p>\n<p style=\"text-align: justify;\">Les <strong>droits r\u00e9serv\u00e9s<\/strong> pour l&rsquo;oeuvre originale peuvent \u00eatre inscrits au verso de la page de titre dans le cas d&rsquo;une traduction.<\/p>\n<p style=\"text-align: justify;\">Vous pouvez \u00e9galement inclure l&rsquo;<strong>interdiction de reproduire<\/strong> des pages de votre ouvrage avec cette mention :<\/p>\n<p style=\"text-align: justify;\"><em>\u00ab\u00a0Il est interdit de reproduire int\u00e9gralement ou partiellement la pr\u00e9sente publication sans autorisation du <a href=\"http:\/\/www.cfcopies.com\/\" target=\"_blank\" rel=\"noopener noreferrer\">Centre Fran\u00e7ais d\u2019exploitation du droit de Copie<\/a> (CFC \u2013 20, rue des Grands-Augustins, 75006 Paris. T\u00e9l. : 01 44 07 47 70, Fax : 01 46 34 67 19)\u00a0\u00bb.<\/em><\/p>\n<p>&nbsp;<\/p>\n<p>La <a href=\"https:\/\/www.coollibri.com\" target=\"_blank\" rel=\"noopener noreferrer\">plateforme d&rsquo;auto\u00e9dition CoolLibri<\/a> se charge de remplir pour vous la mention obligatoire qui est \u00ab\u00a0l&rsquo;achev\u00e9 d&rsquo;imprimer\u00a0\u00bb. Elle vous fournit aussi gratuitement un num\u00e9ro d&rsquo;ISBN instantan\u00e9ment.<\/p>\n","protected":false},"excerpt":{"rendered":"<p>Vous \u00eates en train de publier un livre ? F\u00e9licitations ! Mais avant que votre roman soit fin pr\u00eat \u00e0 \u00eatre imprim\u00e9 puis commercialis\u00e9, il vous faut peaufiner les derniers d\u00e9tails. Parmi ces v\u00e9rifications de derni\u00e8re minute, n&rsquo;oubliez pas que vous \u00eates responsable des mentions l\u00e9gales sur la couverture d&rsquo;un livre. &nbsp; Quelles mentions l\u00e9gales [&hellip;]<\/p>\n","protected":false},"author":8,"featured_media":2817,"comment_status":"open","ping_status":"open","sticky":false,"template":"","format":"standard","meta":{"content-type":"","footnotes":""},"categories":[32],"tags":[239,99,232,64,231],"class_list":["post-2802","post","type-post","status-publish","format-standard","has-post-thumbnail","hentry","category-coollibri-vous-repond","tag-acheve-dimprimer","tag-code-barre-isbn","tag-couverture-livre","tag-isbn","tag-mentions-legales"],"yoast_head":"<!-- This site is optimized with the Yoast SEO plugin v25.6 - https:\/\/yoast.com\/wordpress\/plugins\/seo\/ -->\r\n<title>Quelles mentions l\u00e9gales sur la couverture d&#039;un livre ?<\/title>\r\n<meta name=\"description\" content=\"Vous vous appr\u00eatez \u00e0 publier un roman ? N&#039;oubliez qu&#039;il faut imp\u00e9rativement mettre les mentions l\u00e9gales sur la couverture d&#039;un livre.\" \/>\r\n<meta name=\"robots\" content=\"index, follow, max-snippet:-1, max-image-preview:large, max-video-preview:-1\" \/>\r\n<link rel=\"canonical\" href=\"https:\/\/www.coollibri.com\/blog\/quelles-mentions-legales-couverture-livre\/\" \/>\r\n<meta property=\"og:locale\" content=\"fr_FR\" \/>\r\n<meta property=\"og:type\" content=\"article\" \/>\r\n<meta property=\"og:title\" content=\"Quelles mentions l\u00e9gales sur la couverture d&#039;un livre ?\" \/>\r\n<meta property=\"og:description\" content=\"Vous vous appr\u00eatez \u00e0 publier un roman ? N&#039;oubliez qu&#039;il faut imp\u00e9rativement mettre les mentions l\u00e9gales sur la couverture d&#039;un livre.\" \/>\r\n<meta property=\"og:url\" content=\"https:\/\/www.coollibri.com\/blog\/quelles-mentions-legales-couverture-livre\/\" \/>\r\n<meta property=\"og:site_name\" content=\"\u00c9crire un livre et auto\u00e9dition, le blog.\" \/>\r\n<meta property=\"article:publisher\" content=\"https:\/\/www.facebook.com\/CoolLibri\" \/>\r\n<meta property=\"article:published_time\" content=\"2019-05-22T06:30:15+00:00\" \/>\r\n<meta property=\"article:modified_time\" content=\"2019-06-07T12:30:49+00:00\" \/>\r\n<meta property=\"og:image\" content=\"https:\/\/www.coollibri.com\/blog\/wp-content\/uploads\/2019\/05\/quelles-mentions-legales-sur-la-couverture-d-un-livre-.jpg\" \/>\r\n\t<meta property=\"og:image:width\" content=\"1600\" \/>\r\n\t<meta property=\"og:image:height\" content=\"500\" \/>\r\n\t<meta property=\"og:image:type\" content=\"image\/jpeg\" \/>\r\n<meta name=\"author\" content=\"CoolLibri Impression de livre\" \/>\r\n<meta name=\"twitter:card\" content=\"summary_large_image\" \/>\r\n<meta name=\"twitter:creator\" content=\"@coollibri\" \/>\r\n<meta name=\"twitter:site\" content=\"@coollibri\" \/>\r\n<meta name=\"twitter:label1\" content=\"\u00c9crit par\" \/>\n\t<meta name=\"twitter:data1\" content=\"CoolLibri Impression de livre\" \/>\n\t<meta name=\"twitter:label2\" content=\"Dur\u00e9e de lecture estim\u00e9e\" \/>\n\t<meta name=\"twitter:data2\" content=\"2 minutes\" \/>\r\n<script type=\"application\/ld+json\" class=\"yoast-schema-graph\">{\"@context\":\"https:\/\/schema.org\",\"@graph\":[{\"@type\":\"Article\",\"@id\":\"https:\/\/www.coollibri.com\/blog\/quelles-mentions-legales-couverture-livre\/#article\",\"isPartOf\":{\"@id\":\"https:\/\/www.coollibri.com\/blog\/quelles-mentions-legales-couverture-livre\/\"},\"author\":{\"name\":\"CoolLibri Impression de livre\",\"@id\":\"https:\/\/www.coollibri.com\/blog\/#\/schema\/person\/5105fe42ec9d3fe2661138a0d65013c7\"},\"headline\":\"Quelles mentions l\u00e9gales sur la couverture d&rsquo;un livre ?\",\"datePublished\":\"2019-05-22T06:30:15+00:00\",\"dateModified\":\"2019-06-07T12:30:49+00:00\",\"mainEntityOfPage\":{\"@id\":\"https:\/\/www.coollibri.com\/blog\/quelles-mentions-legales-couverture-livre\/\"},\"wordCount\":446,\"commentCount\":3,\"publisher\":{\"@id\":\"https:\/\/www.coollibri.com\/blog\/#organization\"},\"image\":{\"@id\":\"https:\/\/www.coollibri.com\/blog\/quelles-mentions-legales-couverture-livre\/#primaryimage\"},\"thumbnailUrl\":\"https:\/\/www.coollibri.com\/blog\/wp-content\/uploads\/2019\/05\/quelles-mentions-legales-sur-la-couverture-d-un-livre-.jpg\",\"keywords\":[\"Achev\u00e9 d'imprimer\",\"code-barre ISBN\",\"couverture livre\",\"ISBN\",\"mentions l\u00e9gales\"],\"articleSection\":[\"CoolLibri vous r\u00e9pond\"],\"inLanguage\":\"fr-FR\",\"potentialAction\":[{\"@type\":\"CommentAction\",\"name\":\"Comment\",\"target\":[\"https:\/\/www.coollibri.com\/blog\/quelles-mentions-legales-couverture-livre\/#respond\"]}]},{\"@type\":\"WebPage\",\"@id\":\"https:\/\/www.coollibri.com\/blog\/quelles-mentions-legales-couverture-livre\/\",\"url\":\"https:\/\/www.coollibri.com\/blog\/quelles-mentions-legales-couverture-livre\/\",\"name\":\"Quelles mentions l\u00e9gales sur la couverture d'un livre ?\",\"isPartOf\":{\"@id\":\"https:\/\/www.coollibri.com\/blog\/#website\"},\"primaryImageOfPage\":{\"@id\":\"https:\/\/www.coollibri.com\/blog\/quelles-mentions-legales-couverture-livre\/#primaryimage\"},\"image\":{\"@id\":\"https:\/\/www.coollibri.com\/blog\/quelles-mentions-legales-couverture-livre\/#primaryimage\"},\"thumbnailUrl\":\"https:\/\/www.coollibri.com\/blog\/wp-content\/uploads\/2019\/05\/quelles-mentions-legales-sur-la-couverture-d-un-livre-.jpg\",\"datePublished\":\"2019-05-22T06:30:15+00:00\",\"dateModified\":\"2019-06-07T12:30:49+00:00\",\"description\":\"Vous vous appr\u00eatez \u00e0 publier un roman ? N'oubliez qu'il faut imp\u00e9rativement mettre les mentions l\u00e9gales sur la couverture d'un livre.\",\"breadcrumb\":{\"@id\":\"https:\/\/www.coollibri.com\/blog\/quelles-mentions-legales-couverture-livre\/#breadcrumb\"},\"inLanguage\":\"fr-FR\",\"potentialAction\":[{\"@type\":\"ReadAction\",\"target\":[\"https:\/\/www.coollibri.com\/blog\/quelles-mentions-legales-couverture-livre\/\"]}]},{\"@type\":\"ImageObject\",\"inLanguage\":\"fr-FR\",\"@id\":\"https:\/\/www.coollibri.com\/blog\/quelles-mentions-legales-couverture-livre\/#primaryimage\",\"url\":\"https:\/\/www.coollibri.com\/blog\/wp-content\/uploads\/2019\/05\/quelles-mentions-legales-sur-la-couverture-d-un-livre-.jpg\",\"contentUrl\":\"https:\/\/www.coollibri.com\/blog\/wp-content\/uploads\/2019\/05\/quelles-mentions-legales-sur-la-couverture-d-un-livre-.jpg\",\"width\":1600,\"height\":500},{\"@type\":\"BreadcrumbList\",\"@id\":\"https:\/\/www.coollibri.com\/blog\/quelles-mentions-legales-couverture-livre\/#breadcrumb\",\"itemListElement\":[{\"@type\":\"ListItem\",\"position\":1,\"name\":\"Accueil\",\"item\":\"https:\/\/www.coollibri.com\/blog\/\"},{\"@type\":\"ListItem\",\"position\":2,\"name\":\"Quelles mentions l\u00e9gales sur la couverture d&rsquo;un livre ?\"}]},{\"@type\":\"WebSite\",\"@id\":\"https:\/\/www.coollibri.com\/blog\/#website\",\"url\":\"https:\/\/www.coollibri.com\/blog\/\",\"name\":\"\u00c9crire un livre et auto\u00e9dition, le blog.\",\"description\":\"Faites une bonne impression\",\"publisher\":{\"@id\":\"https:\/\/www.coollibri.com\/blog\/#organization\"},\"potentialAction\":[{\"@type\":\"SearchAction\",\"target\":{\"@type\":\"EntryPoint\",\"urlTemplate\":\"https:\/\/www.coollibri.com\/blog\/?s={search_term_string}\"},\"query-input\":{\"@type\":\"PropertyValueSpecification\",\"valueRequired\":true,\"valueName\":\"search_term_string\"}}],\"inLanguage\":\"fr-FR\"},{\"@type\":\"Organization\",\"@id\":\"https:\/\/www.coollibri.com\/blog\/#organization\",\"name\":\"CoolLibri - Impression de livre - Auto\u00e9dition\",\"url\":\"https:\/\/www.coollibri.com\/blog\/\",\"logo\":{\"@type\":\"ImageObject\",\"inLanguage\":\"fr-FR\",\"@id\":\"https:\/\/www.coollibri.com\/blog\/#\/schema\/logo\/image\/\",\"url\":\"https:\/\/www.coollibri.com\/blog\/wp-content\/uploads\/2018\/03\/logo.png\",\"contentUrl\":\"https:\/\/www.coollibri.com\/blog\/wp-content\/uploads\/2018\/03\/logo.png\",\"width\":231,\"height\":72,\"caption\":\"CoolLibri - Impression de livre - Auto\u00e9dition\"},\"image\":{\"@id\":\"https:\/\/www.coollibri.com\/blog\/#\/schema\/logo\/image\/\"},\"sameAs\":[\"https:\/\/www.facebook.com\/CoolLibri\",\"https:\/\/x.com\/coollibri\",\"https:\/\/www.instagram.com\/coollibri\/\",\"https:\/\/www.linkedin.com\/company\/coollibri\/\",\"https:\/\/www.youtube.com\/channel\/UCg6CQOMq_0Q1Rc6DsIak0-w\"]},{\"@type\":\"Person\",\"@id\":\"https:\/\/www.coollibri.com\/blog\/#\/schema\/person\/5105fe42ec9d3fe2661138a0d65013c7\",\"name\":\"CoolLibri Impression de livre\",\"image\":{\"@type\":\"ImageObject\",\"inLanguage\":\"fr-FR\",\"@id\":\"https:\/\/www.coollibri.com\/blog\/#\/schema\/person\/image\/\",\"url\":\"https:\/\/secure.gravatar.com\/avatar\/7112ca292ee176a5d7b66db3caf74cd9?s=96&r=g\",\"contentUrl\":\"https:\/\/secure.gravatar.com\/avatar\/7112ca292ee176a5d7b66db3caf74cd9?s=96&r=g\",\"caption\":\"CoolLibri Impression de livre\"}}]}<\/script>\r\n<!-- \/ Yoast SEO plugin. -->","yoast_head_json":{"title":"Quelles mentions l\u00e9gales sur la couverture d'un livre ?","description":"Vous vous appr\u00eatez \u00e0 publier un roman ? N'oubliez qu'il faut imp\u00e9rativement mettre les mentions l\u00e9gales sur la couverture d'un livre.","robots":{"index":"index","follow":"follow","max-snippet":"max-snippet:-1","max-image-preview":"max-image-preview:large","max-video-preview":"max-video-preview:-1"},"canonical":"https:\/\/www.coollibri.com\/blog\/quelles-mentions-legales-couverture-livre\/","og_locale":"fr_FR","og_type":"article","og_title":"Quelles mentions l\u00e9gales sur la couverture d'un livre ?","og_description":"Vous vous appr\u00eatez \u00e0 publier un roman ? N'oubliez qu'il faut imp\u00e9rativement mettre les mentions l\u00e9gales sur la couverture d'un livre.","og_url":"https:\/\/www.coollibri.com\/blog\/quelles-mentions-legales-couverture-livre\/","og_site_name":"\u00c9crire un livre et auto\u00e9dition, le blog.","article_publisher":"https:\/\/www.facebook.com\/CoolLibri","article_published_time":"2019-05-22T06:30:15+00:00","article_modified_time":"2019-06-07T12:30:49+00:00","og_image":[{"width":1600,"height":500,"url":"https:\/\/www.coollibri.com\/blog\/wp-content\/uploads\/2019\/05\/quelles-mentions-legales-sur-la-couverture-d-un-livre-.jpg","type":"image\/jpeg"}],"author":"CoolLibri Impression de livre","twitter_card":"summary_large_image","twitter_creator":"@coollibri","twitter_site":"@coollibri","twitter_misc":{"\u00c9crit par":"CoolLibri Impression de livre","Dur\u00e9e de lecture estim\u00e9e":"2 minutes"},"schema":{"@context":"https:\/\/schema.org","@graph":[{"@type":"Article","@id":"https:\/\/www.coollibri.com\/blog\/quelles-mentions-legales-couverture-livre\/#article","isPartOf":{"@id":"https:\/\/www.coollibri.com\/blog\/quelles-mentions-legales-couverture-livre\/"},"author":{"name":"CoolLibri Impression de livre","@id":"https:\/\/www.coollibri.com\/blog\/#\/schema\/person\/5105fe42ec9d3fe2661138a0d65013c7"},"headline":"Quelles mentions l\u00e9gales sur la couverture d&rsquo;un livre ?","datePublished":"2019-05-22T06:30:15+00:00","dateModified":"2019-06-07T12:30:49+00:00","mainEntityOfPage":{"@id":"https:\/\/www.coollibri.com\/blog\/quelles-mentions-legales-couverture-livre\/"},"wordCount":446,"commentCount":3,"publisher":{"@id":"https:\/\/www.coollibri.com\/blog\/#organization"},"image":{"@id":"https:\/\/www.coollibri.com\/blog\/quelles-mentions-legales-couverture-livre\/#primaryimage"},"thumbnailUrl":"https:\/\/www.coollibri.com\/blog\/wp-content\/uploads\/2019\/05\/quelles-mentions-legales-sur-la-couverture-d-un-livre-.jpg","keywords":["Achev\u00e9 d'imprimer","code-barre ISBN","couverture livre","ISBN","mentions l\u00e9gales"],"articleSection":["CoolLibri vous r\u00e9pond"],"inLanguage":"fr-FR","potentialAction":[{"@type":"CommentAction","name":"Comment","target":["https:\/\/www.coollibri.com\/blog\/quelles-mentions-legales-couverture-livre\/#respond"]}]},{"@type":"WebPage","@id":"https:\/\/www.coollibri.com\/blog\/quelles-mentions-legales-couverture-livre\/","url":"https:\/\/www.coollibri.com\/blog\/quelles-mentions-legales-couverture-livre\/","name":"Quelles mentions l\u00e9gales sur la couverture d'un livre ?","isPartOf":{"@id":"https:\/\/www.coollibri.com\/blog\/#website"},"primaryImageOfPage":{"@id":"https:\/\/www.coollibri.com\/blog\/quelles-mentions-legales-couverture-livre\/#primaryimage"},"image":{"@id":"https:\/\/www.coollibri.com\/blog\/quelles-mentions-legales-couverture-livre\/#primaryimage"},"thumbnailUrl":"https:\/\/www.coollibri.com\/blog\/wp-content\/uploads\/2019\/05\/quelles-mentions-legales-sur-la-couverture-d-un-livre-.jpg","datePublished":"2019-05-22T06:30:15+00:00","dateModified":"2019-06-07T12:30:49+00:00","description":"Vous vous appr\u00eatez \u00e0 publier un roman ? N'oubliez qu'il faut imp\u00e9rativement mettre les mentions l\u00e9gales sur la couverture d'un livre.","breadcrumb":{"@id":"https:\/\/www.coollibri.com\/blog\/quelles-mentions-legales-couverture-livre\/#breadcrumb"},"inLanguage":"fr-FR","potentialAction":[{"@type":"ReadAction","target":["https:\/\/www.coollibri.com\/blog\/quelles-mentions-legales-couverture-livre\/"]}]},{"@type":"ImageObject","inLanguage":"fr-FR","@id":"https:\/\/www.coollibri.com\/blog\/quelles-mentions-legales-couverture-livre\/#primaryimage","url":"https:\/\/www.coollibri.com\/blog\/wp-content\/uploads\/2019\/05\/quelles-mentions-legales-sur-la-couverture-d-un-livre-.jpg","contentUrl":"https:\/\/www.coollibri.com\/blog\/wp-content\/uploads\/2019\/05\/quelles-mentions-legales-sur-la-couverture-d-un-livre-.jpg","width":1600,"height":500},{"@type":"BreadcrumbList","@id":"https:\/\/www.coollibri.com\/blog\/quelles-mentions-legales-couverture-livre\/#breadcrumb","itemListElement":[{"@type":"ListItem","position":1,"name":"Accueil","item":"https:\/\/www.coollibri.com\/blog\/"},{"@type":"ListItem","position":2,"name":"Quelles mentions l\u00e9gales sur la couverture d&rsquo;un livre ?"}]},{"@type":"WebSite","@id":"https:\/\/www.coollibri.com\/blog\/#website","url":"https:\/\/www.coollibri.com\/blog\/","name":"\u00c9crire un livre et auto\u00e9dition, le blog.","description":"Faites une bonne impression","publisher":{"@id":"https:\/\/www.coollibri.com\/blog\/#organization"},"potentialAction":[{"@type":"SearchAction","target":{"@type":"EntryPoint","urlTemplate":"https:\/\/www.coollibri.com\/blog\/?s={search_term_string}"},"query-input":{"@type":"PropertyValueSpecification","valueRequired":true,"valueName":"search_term_string"}}],"inLanguage":"fr-FR"},{"@type":"Organization","@id":"https:\/\/www.coollibri.com\/blog\/#organization","name":"CoolLibri - Impression de livre - Auto\u00e9dition","url":"https:\/\/www.coollibri.com\/blog\/","logo":{"@type":"ImageObject","inLanguage":"fr-FR","@id":"https:\/\/www.coollibri.com\/blog\/#\/schema\/logo\/image\/","url":"https:\/\/www.coollibri.com\/blog\/wp-content\/uploads\/2018\/03\/logo.png","contentUrl":"https:\/\/www.coollibri.com\/blog\/wp-content\/uploads\/2018\/03\/logo.png","width":231,"height":72,"caption":"CoolLibri - Impression de livre - Auto\u00e9dition"},"image":{"@id":"https:\/\/www.coollibri.com\/blog\/#\/schema\/logo\/image\/"},"sameAs":["https:\/\/www.facebook.com\/CoolLibri","https:\/\/x.com\/coollibri","https:\/\/www.instagram.com\/coollibri\/","https:\/\/www.linkedin.com\/company\/coollibri\/","https:\/\/www.youtube.com\/channel\/UCg6CQOMq_0Q1Rc6DsIak0-w"]},{"@type":"Person","@id":"https:\/\/www.coollibri.com\/blog\/#\/schema\/person\/5105fe42ec9d3fe2661138a0d65013c7","name":"CoolLibri Impression de livre","image":{"@type":"ImageObject","inLanguage":"fr-FR","@id":"https:\/\/www.coollibri.com\/blog\/#\/schema\/person\/image\/","url":"https:\/\/secure.gravatar.com\/avatar\/7112ca292ee176a5d7b66db3caf74cd9?s=96&r=g","contentUrl":"https:\/\/secure.gravatar.com\/avatar\/7112ca292ee176a5d7b66db3caf74cd9?s=96&r=g","caption":"CoolLibri Impression de livre"}}]}},"_links":{"self":[{"href":"https:\/\/www.coollibri.com\/blog\/wp-json\/wp\/v2\/posts\/2802"}],"collection":[{"href":"https:\/\/www.coollibri.com\/blog\/wp-json\/wp\/v2\/posts"}],"about":[{"href":"https:\/\/www.coollibri.com\/blog\/wp-json\/wp\/v2\/types\/post"}],"author":[{"embeddable":true,"href":"https:\/\/www.coollibri.com\/blog\/wp-json\/wp\/v2\/users\/8"}],"replies":[{"embeddable":true,"href":"https:\/\/www.coollibri.com\/blog\/wp-json\/wp\/v2\/comments?post=2802"}],"version-history":[{"count":11,"href":"https:\/\/www.coollibri.com\/blog\/wp-json\/wp\/v2\/posts\/2802\/revisions"}],"predecessor-version":[{"id":2809,"href":"https:\/\/www.coollibri.com\/blog\/wp-json\/wp\/v2\/posts\/2802\/revisions\/2809"}],"wp:featuredmedia":[{"embeddable":true,"href":"https:\/\/www.coollibri.com\/blog\/wp-json\/wp\/v2\/media\/2817"}],"wp:attachment":[{"href":"https:\/\/www.coollibri.com\/blog\/wp-json\/wp\/v2\/media?parent=2802"}],"wp:term":[{"taxonomy":"category","embeddable":true,"href":"https:\/\/www.coollibri.com\/blog\/wp-json\/wp\/v2\/categories?post=2802"},{"taxonomy":"post_tag","embeddable":true,"href":"https:\/\/www.coollibri.com\/blog\/wp-json\/wp\/v2\/tags?post=2802"}],"curies":[{"name":"wp","href":"https:\/\/api.w.org\/{rel}","templated":true}]}}