{"id":2860,"date":"2019-06-12T08:30:20","date_gmt":"2019-06-12T06:30:20","guid":{"rendered":"https:\/\/www.coollibri.com\/blog\/?p=2860"},"modified":"2019-10-01T12:07:11","modified_gmt":"2019-10-01T10:07:11","slug":"editeurs-belges-francophones-selection","status":"publish","type":"post","link":"https:\/\/www.coollibri.com\/blog\/editeurs-belges-francophones-selection\/","title":{"rendered":"\u00c9diteurs belges francophones : une s\u00e9lection"},"content":{"rendered":"<p style=\"text-align: justify;\">Sous l&rsquo;impulsion des \u00e9diteurs belges, le march\u00e9 du livre francophone en Belgique est une r\u00e9alit\u00e9, m\u00eame si sa taille est largement inf\u00e9rieure \u00e0 celle du march\u00e9 du livre fran\u00e7ais. En effet, il repr\u00e9sente environ un dixi\u00e8me de ce dernier.<\/p>\n<p style=\"text-align: justify;\">Cependant, ses particularit\u00e9s font qu&rsquo;une grande partie de ce qui est publi\u00e9 est destin\u00e9 \u00e0 l&rsquo;exportation. En outre, beaucoup d&rsquo;auteurs publi\u00e9s par les \u00e9diteurs belges sont d&rsquo;origine fran\u00e7aise.<\/p>\n<p style=\"text-align: justify;\">Certains de ces \u00e9diteurs belges ont donc un pied \u00e0 la fois \u00e0 Bruxelles et \u00e0 Paris. Par ailleurs, caract\u00e9ristique notable du march\u00e9 belge, il repose principalement sur deux piliers : les livres scolaires et les BD.<\/p>\n<p style=\"text-align: justify;\">Toutefois, la cinquantaine d&rsquo;\u00e9diteurs belges, membres de l&rsquo;Association des Editeurs Belges (<a href=\"https:\/\/adeb.be\/\" target=\"_blank\" rel=\"noopener noreferrer\">ADEB<\/a>), permet d&rsquo;offrir la totalit\u00e9 du spectre traditionnel de l&rsquo;\u00e9dition, comme en t\u00e9moigne la s\u00e9lection ci-apr\u00e8s.<\/p>\n<p>&nbsp;<\/p>\n<h2>Editions B\u00e9ya<\/h2>\n<p><img loading=\"lazy\" decoding=\"async\" class=\"size-medium wp-image-2896 aligncenter\" src=\"https:\/\/www.coollibri.com\/blog\/wp-content\/uploads\/2019\/06\/editions-beya-300x244.jpg\" alt=\"\" width=\"300\" height=\"244\" srcset=\"https:\/\/www.coollibri.com\/blog\/wp-content\/uploads\/2019\/06\/editions-beya-300x244.jpg 300w, https:\/\/www.coollibri.com\/blog\/wp-content\/uploads\/2019\/06\/editions-beya.jpg 355w\" sizes=\"(max-width: 300px) 100vw, 300px\" \/><\/p>\n<p>&nbsp;<\/p>\n<p>&nbsp;<\/p>\n<h3>Pr\u00e9sentation g\u00e9n\u00e9rale<\/h3>\n<p style=\"text-align: justify;\">La sp\u00e9cialit\u00e9 des \u00e9ditions B\u00e9ya est l&rsquo;\u00e9sot\u00e9risme. D&rsquo;ailleurs, le nom de B\u00e9ya renvoie \u00e0 la notion d&rsquo;eau mercurielle bien connue des alchimistes. La cr\u00e9ation des \u00e9ditions B\u00e9ya remonte \u00e0 2002.\u00a0 Elles publient peu, environ deux titres par an, et les textes publi\u00e9s sont ceux d&rsquo;auteurs reconnus dans leur domaine.<\/p>\n<h3>Collections et catalogue<\/h3>\n<p>Adresse du site :<\/p>\n<p><a href=\"http:\/\/www.editionsbeya.com\/accueil\">http:\/\/www.editionsbeya.com\/accueil<\/a><\/p>\n<h3>Manuscrits<\/h3>\n<p>Compte tenu de la nature tr\u00e8s sp\u00e9cifique de la maison d&rsquo;\u00e9dition, il est conseill\u00e9 de prendre contact directement avec elle avant l&rsquo;envoi de tout manuscrit.<\/p>\n<h3>Coordonn\u00e9es<\/h3>\n<p>Adresse postale :<\/p>\n<p>Chav\u00e9e Boulanger, 20<\/p>\n<p>B-1390 Grez-Doiceau<\/p>\n<h3>Contact<\/h3>\n<p>Mail : info@editionsbeya.com<\/p>\n<p>Tel. : +32 10 84 14 30<\/p>\n<p>&nbsp;<\/p>\n<h2>Groupe De Boeck<\/h2>\n<p><img loading=\"lazy\" decoding=\"async\" class=\"size-medium wp-image-2898 aligncenter\" src=\"https:\/\/www.coollibri.com\/blog\/wp-content\/uploads\/2019\/06\/de-boeck-300x244.jpg\" alt=\"\" width=\"300\" height=\"244\" srcset=\"https:\/\/www.coollibri.com\/blog\/wp-content\/uploads\/2019\/06\/de-boeck-300x244.jpg 300w, https:\/\/www.coollibri.com\/blog\/wp-content\/uploads\/2019\/06\/de-boeck.jpg 355w\" sizes=\"(max-width: 300px) 100vw, 300px\" \/><\/p>\n<p>&nbsp;<\/p>\n<p>&nbsp;<\/p>\n<h3>Pr\u00e9sentation g\u00e9n\u00e9rale<\/h3>\n<p style=\"text-align: justify;\">La maison d&rsquo;\u00e9ditions de Boeck est une des plus anciennes de Belgique. C&rsquo;est aussi une des plus importantes.<\/p>\n<p style=\"text-align: justify;\">Depuis quelques ann\u00e9es, elle a ouvert son capital \u00e0 des investisseurs internationaux. Elle est notamment tr\u00e8s li\u00e9e aux \u00e9ditions Albin Michel via sa marque \u00ab\u00a0<strong>De Boeck sup\u00e9rieur<\/strong>\u00a0\u00bb et \u00e0 la maison d&rsquo;\u00e9dition flamande Van In pour ce qui est de ses autres marques.<\/p>\n<p style=\"text-align: justify;\">Globalement, le groupe rassemble ainsi pr\u00e8s de huit marques, correspondant chacune \u00e0 une th\u00e9matique particuli\u00e8re, notamment :<\/p>\n<ul style=\"text-align: justify;\">\n<li>De boeck sup\u00e9rieur, pour les ouvrages universitaires et professionnels.<\/li>\n<li>Larcier, Bruylant, pour les ouvrages juridiques.<\/li>\n<li>Duculot, pour les ouvrages de grammaire et de linguistique. Il faut noter que le fameux \u00a0\u00bb Le bon usage\u00a0\u00bb de la langue fran\u00e7aise, r\u00e9dig\u00e9 par\u00a0 <a href=\"https:\/\/www.grevisse.fr\/etudiants-professionnels\/actualite\/grevisse-une-reference-historique-en-langue-francaise\" target=\"_blank\" rel=\"noopener noreferrer\">Maurice Grevisse<\/a>, est exploit\u00e9 par les \u00e9ditions De boeck-Duculot.<\/li>\n<\/ul>\n<blockquote>\n<p>L&rsquo;usage, disait Maurice Grevisse, c&rsquo;est-\u00e0-dire une langue qui vit, quand elle est illustr\u00e9e par des citations emprunt\u00e9es aux grands \u00e9crivains, a une autorit\u00e9 souveraine, on peut dire que l&rsquo;usage a toujours raison, m\u00eame quand il a tort.<\/p>\n<\/blockquote>\n<ul style=\"text-align: justify;\">\n<li>Estem, pour les ouvrages de m\u00e9decine ou para m\u00e9dicaux.<\/li>\n<li>Au fil de soi, pour le d\u00e9veloppement personnel.<\/li>\n<\/ul>\n<p style=\"text-align: justify;\">D&rsquo;une mani\u00e8re g\u00e9n\u00e9rale, le groupe De Boeck recouvre quasiment l&rsquo;ensemble des disciplines enseign\u00e9es \u00e0 l&rsquo;Universit\u00e9.<\/p>\n<h3>Collections et catalogue<\/h3>\n<p>Adresse du site :<\/p>\n<p><a href=\"https:\/\/www.deboecksuperieur.com\/contenu\/qui-sommes-nous\">https:\/\/www.deboecksuperieur.com\/contenu\/qui-sommes-nous<\/a><\/p>\n<h3>Manuscrits<\/h3>\n<p>Il faut envoyer les projets de livres par l&rsquo;interm\u00e9diaire de la <a href=\"https:\/\/www.deboecksuperieur.com\/faq\" target=\"_blank\" rel=\"noopener noreferrer\">page contact du site<\/a>. Les fichiers joints ne doivent pas d\u00e9passer 2 Mo.<\/p>\n<p>Une r\u00e9ponse est donn\u00e9e par l&rsquo;\u00e9diteur r\u00e9f\u00e9rent dans un d\u00e9lai d&rsquo;un mois.<\/p>\n<h3>Coordonn\u00e9es<\/h3>\n<p>Adresse postale :<\/p>\n<p>Rue du Bosquet, 7<\/p>\n<p>1348, Louvain-La-Neuve<\/p>\n<h3>Contacts<\/h3>\n<p>Mail : info@deboecksuperieur.com<\/p>\n<p>Tel. : +32 (0) 10 77 38 70<\/p>\n<p>&nbsp;<\/p>\n<h2>Casterman<\/h2>\n<p><img loading=\"lazy\" decoding=\"async\" class=\"size-medium wp-image-2899 aligncenter\" src=\"https:\/\/www.coollibri.com\/blog\/wp-content\/uploads\/2019\/06\/casterman-300x244.jpg\" alt=\"\" width=\"300\" height=\"244\" srcset=\"https:\/\/www.coollibri.com\/blog\/wp-content\/uploads\/2019\/06\/casterman-300x244.jpg 300w, https:\/\/www.coollibri.com\/blog\/wp-content\/uploads\/2019\/06\/casterman.jpg 355w\" sizes=\"(max-width: 300px) 100vw, 300px\" \/><\/p>\n<p>&nbsp;<\/p>\n<p>&nbsp;<\/p>\n<h3>Pr\u00e9sentation g\u00e9n\u00e9rale<\/h3>\n<p style=\"text-align: justify;\">Les \u00e9ditions Casterman sont un grand de l&rsquo;\u00e9dition dans deux secteurs : la BD et la Jeunesse. Cr\u00e9\u00e9es en 1777 par Donat Casterman, les \u00e9ditions Casterman ont fait l&rsquo;objet d&rsquo;un premier rachat par les \u00e9ditions <a href=\"https:\/\/www.coollibri.com\/blog\/10-maisons-edition-populaires-2018\/#2_Les_Editions_Flammarion\" target=\"_blank\" rel=\"noopener noreferrer\">Flammarion<\/a> en 1999.<\/p>\n<p style=\"text-align: justify;\">Celles-ci font d\u00e9sormais partie, depuis 2012, du groupe Madrigall, maison-m\u00e8re de Gallimard. D&rsquo;ailleurs, c&rsquo;est Charlotte Gallimard qui assure, depuis, la direction de Casterman.<\/p>\n<p style=\"text-align: justify;\">La fortune de Casterman lui vient de la notori\u00e9t\u00e9 plan\u00e9taire des albums Tintin et Martine. A ces deux piliers originels, se sont ajout\u00e9s d&rsquo;autres succ\u00e8s comme celui des albums de Corto Maltese.<\/p>\n<p style=\"text-align: justify;\">Aujourd&rsquo;hui, le catalogue de Casterman ne comprend pas moins de 4500 titres et l&rsquo;\u00e9diteur publie autour de 450 ouvrages par an. A c\u00f4t\u00e9 de Casterman, d&rsquo;autres \u00e9diteurs belges se sont lanc\u00e9s dans la <a href=\"https:\/\/www.coollibri.com\/blog\/creer-une-bd-pour-vivre-mieux\/\" target=\"_blank\" rel=\"noopener noreferrer\">publication de BD<\/a> avec la m\u00eame r\u00e9ussite, comme les \u00e9ditions Dupuis ou Dargaud.<\/p>\n<p style=\"text-align: justify;\">A tel point que la BD peut appara\u00eetre comme indissociable de la culture belge moderne ainsi que le laisse entendre Jean Auquier, directeur du centre belge de la Bande Dessin\u00e9e \u00e0 Bruxelles :<\/p>\n<blockquote>\n<p>On est un petit territoire, enfonc\u00e9 quelque part au milieu de l&rsquo;Europe, entre des cultures dominantes (&#8230;), et si on devait exister, on devait inventer un langage et ce langage, c&rsquo;est l&rsquo;image.<\/p>\n<\/blockquote>\n<p>Cependant, de petits \u00e9diteurs de BD francophones, non belges, r\u00e9ussissent \u00e0 tirer leur \u00e9pingle du jeu et m\u00e9ritent qu&rsquo;on s&rsquo;y int\u00e9resse comme les <a href=\"http:\/\/editions-belize.com\/f\/index.php\" target=\"_blank\" rel=\"noopener noreferrer\">\u00e9ditions Belize<\/a>.<\/p>\n<h3>Collections et catalogue<\/h3>\n<p>Adresse du site :<\/p>\n<p><a href=\"https:\/\/www.casterman.com\/\" target=\"_blank\" rel=\"noopener noreferrer\">https:\/\/www.casterman.com\/<\/a><\/p>\n<h3>Manuscrits<\/h3>\n<p style=\"text-align: justify;\">Les manuscrits peuvent \u00eatre envoy\u00e9s par mail ou par voie postale. L&rsquo;adresse mail est la suivante : manuscrits@casterman.com. Les envois peuvent se faire en PDF, DOC ou JPEG. L&rsquo;adresse postale peut \u00eatre soit celle de Paris, soit celle de Bruxelles.<\/p>\n<p style=\"text-align: justify;\">Une seule copie est n\u00e9cessaire car \u00e0 Paris ou Bruxelles, le comit\u00e9 de lecture est le m\u00eame. L&rsquo;absence de r\u00e9ponse au-del\u00e0 de 6 mois \u00e9quivaut \u00e0 un refus. Toute r\u00e9ponse est faite par la m\u00eame voie que celle de l&rsquo;envoi.<\/p>\n<h3>Coordonn\u00e9es<\/h3>\n<p>Adresse en Belgique :<\/p>\n<p>Cantersteen, 47<\/p>\n<p>1000 Bruxelles<\/p>\n<p>Adresse en France :<\/p>\n<p>56, rue Saint Lazare<\/p>\n<p>75 009 Paris<\/p>\n<h3>Contacts<\/h3>\n<p>Mail : reception@casterman.com<\/p>\n<p>Tel. : +32 (0) 22 09 83 00<\/p>\n<p>&nbsp;<\/p>\n<h2>G.I.L Editions<\/h2>\n<p><img loading=\"lazy\" decoding=\"async\" class=\"aligncenter size-large\" src=\"https:\/\/gileditions.weebly.com\/uploads\/4\/8\/5\/0\/48509835\/header_images\/1425568842.jpg\" alt=\"\u00c9dition Gil \u00e9diteur belge\" width=\"529\" height=\"360\" \/><\/p>\n<p>La cr\u00e9ation des \u00e9ditions G.I.L date de 2013. Elles sont dirig\u00e9es par J\u00e9r\u00e9miah Den. Les titres de son catalogue se r\u00e9partissent entre sept collections :<\/p>\n<ul>\n<li>La plume bleue pour les polars et les thrillers.<\/li>\n<li>Plume rouge pour le fantastique.<\/li>\n<li>La plume verte pour la science-fiction.<\/li>\n<li>Plume rose pour les romans d&rsquo;amour.<\/li>\n<li>Plume orange pour les romans historiques.<\/li>\n<li>La plume blanche pour les titres inclassables, mais pour lesquels l&rsquo;\u00e9diteur a un coup de c\u0153ur.<\/li>\n<li>Plume grise pour les romans d\u00e9di\u00e9s \u00e0 la jeunesse et \u00e0 l&rsquo;enfance.<\/li>\n<\/ul>\n<p>La jeune maison qui a d\u00e9j\u00e0 engrang\u00e9 de beaux succ\u00e8s avec des auteurs comme <a href=\"https:\/\/gileditions.blogspot.com\/\" target=\"_blank\" rel=\"noopener noreferrer\">Laetitia Reynders<\/a> pr\u00e9sente, sur le stand de l&rsquo;\u00e9diteur, au dernier salon du livre de Paris. Le fait est que la maison se veut proche de ses auteurs et \u00e0 l&rsquo;\u00e9coute de leurs pr\u00e9occupations. Comme le dit J\u00e9r\u00e9miah Den :<\/p>\n<blockquote>\n<p>La confiance se gagne, se conquiert de part et d&rsquo;autre et commence par une rencontre.<\/p>\n<\/blockquote>\n<h3>Collections et catalogue<\/h3>\n<p>Adresse du site :<\/p>\n<p><a href=\"https:\/\/gileditions.weebly.com\/ligne-eacuteditoriale.htm\" target=\"_blank\" rel=\"noopener noreferrer\">https:\/\/gileditions.weebly.com\/ligne-eacuteditoriale.htm<\/a><\/p>\n<h3>Manuscrits<\/h3>\n<p style=\"text-align: justify;\">Les manuscrits doivent \u00eatre uniquement envoy\u00e9s par mail, accompagn\u00e9s d&rsquo;un synopsis et d&rsquo;un r\u00e9sum\u00e9 d&rsquo;une page maximum, en indiquant la collection vis\u00e9e et les coordonn\u00e9es compl\u00e8tes de l&rsquo;auteur. La maison d&rsquo;\u00e9dition ne publie ni biographie, ni po\u00e9sie, ni pi\u00e8ce de th\u00e9\u00e2tre, ni nouvelles.<\/p>\n<h3>Coordonn\u00e9es<\/h3>\n<p>Rue Tonvoie, 409<\/p>\n<p>4870 Trooz<\/p>\n<h3>Contacts<\/h3>\n<p>Mail : gileditions@gmail.com<\/p>\n<p>Tel. : +32 (0) 43 53 05 34<\/p>\n<p>&nbsp;<\/p>\n<h2>L\u2019\u00e2ne qui butine<\/h2>\n<p><img loading=\"lazy\" decoding=\"async\" class=\"aligncenter wp-image-2901 size-full\" src=\"https:\/\/www.coollibri.com\/blog\/wp-content\/uploads\/2019\/06\/l-ane-qui-butine.jpg\" alt=\"Maison d'\u00e9dition belgique L\u2019\u00e2ne qui butine\" width=\"355\" height=\"289\" srcset=\"https:\/\/www.coollibri.com\/blog\/wp-content\/uploads\/2019\/06\/l-ane-qui-butine.jpg 355w, https:\/\/www.coollibri.com\/blog\/wp-content\/uploads\/2019\/06\/l-ane-qui-butine-300x244.jpg 300w\" sizes=\"(max-width: 355px) 100vw, 355px\" \/><\/p>\n<p>&nbsp;<\/p>\n<h3>Pr\u00e9sentation g\u00e9n\u00e9rale<\/h3>\n<p style=\"text-align: justify;\">Anne Letor\u00e9 et Christophe Bruneel, \u00e0 l&rsquo;origine de l&rsquo;\u00e2ne qui butine, se consid\u00e8rent comme des micro-\u00e9diteurs. A la fronti\u00e8re de la Belgique et de la France, il m\u00e8ne une aventure singuli\u00e8re dans l&rsquo;\u00e9dition.<\/p>\n<p style=\"text-align: justify;\">Les titres qu&rsquo;ils publient sont tous des ouvrages singuliers, autant objets que livres. Leur contenu est po\u00e9tique et l&rsquo;\u00e9criture souvent endiabl\u00e9e.\u00a0 A ce jour, la maison d&rsquo;\u00e9dition, totalement ind\u00e9pendante, en a publi\u00e9 pr\u00e8s de 200.\u00a0<\/p>\n<blockquote>\n<p>Nous remercions nos auteurs fran\u00e7ais, dit Anne Letor\u00e9, non seulement pour leur temps, mais encore pour leur courage et leur d\u00e9vouement \u00e0 faire propager la langue fran\u00e7aise dans tous les coins du monde.<\/p>\n<\/blockquote>\n<h3>Collections et catalogue<\/h3>\n<p>Adresse du site :<\/p>\n<p><a href=\"http:\/\/www.anequibutine.com\/catalogue\/\" target=\"_blank\" rel=\"noopener noreferrer\">http:\/\/www.anequibutine.com\/catalogue\/<\/a><\/p>\n<h3>Manuscrits<\/h3>\n<p>Compte tenu de la singularit\u00e9 de la maison d&rsquo;\u00e9dition, le mieux est sans doute de prendre directement contact avec l&rsquo;un ou l&rsquo;autre des deux micro-\u00e9diteurs avant tout envoi.<\/p>\n<h3>Coordonn\u00e9es<\/h3>\n<p>Rue du chemin de fer, 28<\/p>\n<p>7700 Mouscron<\/p>\n<h3>Contacts<\/h3>\n<p>Mail : anequibutine@gmail.com<\/p>\n<p>Tel. : +32 (0) 56 84 57 52<\/p>\n<p>&nbsp;<\/p>\n<h2>Les Impressions Nouvelles<\/h2>\n<p><img loading=\"lazy\" decoding=\"async\" class=\"aligncenter wp-image-2902 size-medium\" src=\"https:\/\/www.coollibri.com\/blog\/wp-content\/uploads\/2019\/06\/les-impressions-nouvelles-300x244.jpg\" alt=\"\u00c9diteur belge les impressions nouvelles\" width=\"300\" height=\"244\" srcset=\"https:\/\/www.coollibri.com\/blog\/wp-content\/uploads\/2019\/06\/les-impressions-nouvelles-300x244.jpg 300w, https:\/\/www.coollibri.com\/blog\/wp-content\/uploads\/2019\/06\/les-impressions-nouvelles.jpg 355w\" sizes=\"(max-width: 300px) 100vw, 300px\" \/><\/p>\n<h3>Pr\u00e9sentation g\u00e9n\u00e9rale<\/h3>\n<p style=\"text-align: justify;\">La fondation de la maison d&rsquo;\u00e9dition date de 1985. Ind\u00e9pendante, elle est toujours dirig\u00e9e par les co-fondateurs. La direction g\u00e9n\u00e9rale est assur\u00e9e par <a href=\"https:\/\/www.franceinter.fr\/emissions\/on-va-deguster\/on-va-deguster-21-janvier-2018\" target=\"_blank\" rel=\"noopener noreferrer\">Benoit Peeters<\/a>, par ailleurs, sc\u00e9nariste de BD,\u00a0 universitaire et\u00a0 <a href=\"https:\/\/www.babelio.com\/livres\/Peeters-Herge-fils-de-Tintin\/377842\" target=\"_blank\" rel=\"noopener noreferrer\">biographe de Herg\u00e9<\/a> et de Jacques Derrida.<\/p>\n<p style=\"text-align: justify;\">La maison publie des textes de litt\u00e9rature et de sciences humaines exigeants. Elle privil\u00e9gie ceux dont le regard sur le monde contemporain est novateur.<\/p>\n<p style=\"text-align: justify;\">Elle s&rsquo;int\u00e9resse \u00e9galement \u00e0 la bande dessin\u00e9e et aux beaux livres. Son rythme de publication est d&rsquo;environ 16 \u00e0 20 livres par an.<\/p>\n<p style=\"text-align: justify;\">Ses auteurs viennent de toute la francophonie. Cela dit, pour Benoit Peeters, il ne fait aucun doute que :<\/p>\n<blockquote>\n<p>Les rencontres, ce sont surtout des chances qu&rsquo;il faut savoir saisir, sans trop se focaliser sur les mirages de la personne id\u00e9ale.<\/p>\n<\/blockquote>\n<p>&nbsp;<\/p>\n<h3>Collections et catalogue<\/h3>\n<p>Le catalogue r\u00e9unit \u00e0 ce jour pr\u00e8s de 350 titres.\u00a0 Ils se r\u00e9partissent entre six grandes collections : popculture, litt\u00e9ratures d&rsquo;aujourd&rsquo;hui, pratique et th\u00e9orie, combats et controverses, \u00e9critures autobiographiques et \u00e9tudes cin\u00e9matographiques.<\/p>\n<p>Adresse du site :<\/p>\n<p><a href=\"http:\/\/www.lesimpressionsnouvelles.com\" target=\"_blank\" rel=\"noopener noreferrer\">www.lesimpressionsnouvelles.com<\/a><\/p>\n<h3>Manuscrits<\/h3>\n<p style=\"text-align: justify;\">Le comit\u00e9 de lecture n&rsquo;examine que les manuscrits envoy\u00e9s par voie postale et M\u00e9lanie Dufour assure la s\u00e9lection des projets. Les auteurs re\u00e7oivent un r\u00e9ponse dans les deux mois.<\/p>\n<h3>Coordonn\u00e9es<\/h3>\n<p>84, avenue Albert<\/p>\n<p>1190, Bruxelles<\/p>\n<h3>Contacts<\/h3>\n<p>Mail : melanie.dufour@lesimpressionsnouvelles.com<\/p>\n<p>Tel. +32 (0) 25 03 30 95<\/p>\n<p>&nbsp;<\/p>\n<h2>Livr&rsquo;S Editions<\/h2>\n<p><img loading=\"lazy\" decoding=\"async\" class=\"aligncenter wp-image-2903 size-medium\" src=\"https:\/\/www.coollibri.com\/blog\/wp-content\/uploads\/2019\/06\/livre-s-300x244.jpg\" alt=\"Livr's \u00c9ditions\" width=\"300\" height=\"244\" srcset=\"https:\/\/www.coollibri.com\/blog\/wp-content\/uploads\/2019\/06\/livre-s-300x244.jpg 300w, https:\/\/www.coollibri.com\/blog\/wp-content\/uploads\/2019\/06\/livre-s.jpg 355w\" sizes=\"(max-width: 300px) 100vw, 300px\" \/><\/p>\n<p>&nbsp;<\/p>\n<h3>Pr\u00e9sentation g\u00e9n\u00e9rale<\/h3>\n<p style=\"text-align: justify;\">La maison d&rsquo;\u00e9dition est r\u00e9cente. Sa cr\u00e9ation remonte, en effet, \u00e0 2015.<\/p>\n<p style=\"text-align: justify;\">Mais, elle est tr\u00e8s active et publie entre 10 et 15 titres par an. Elle est sp\u00e9cialis\u00e9e dans les livres pour la jeunesse et le fantastique, sous forme de BD, de beaux livres ou de litt\u00e9rature.<\/p>\n<p style=\"text-align: justify;\">Livr&rsquo;S \u00c9ditions est ouvert \u00e0 toutes les propositions qui rec\u00e8lent en elles une part de r\u00eave, un petit grain de folie ou de merveilleux. L&rsquo;\u00e9diteur exclut cependant, cat\u00e9goriquement, les essais, les nouvelles, les biographies, les livres \u00e9ducatifs et les pi\u00e8ces de th\u00e9\u00e2tre.<\/p>\n<p>Pour Emilie Ansciaux, une des deux responsables de collection, \u00e9galement auteure, l&rsquo;\u00e9criture est indispensable :<\/p>\n<p>&nbsp;<\/p>\n<figure id=\"attachment_2910\" aria-describedby=\"caption-attachment-2910\" style=\"width: 640px\" class=\"wp-caption aligncenter\"><img loading=\"lazy\" decoding=\"async\" class=\"wp-image-2910 size-large\" src=\"https:\/\/www.coollibri.com\/blog\/wp-content\/uploads\/2019\/06\/j-ai-toujours-un-carnet-pres-de-mon-lit-mais-j-ecris-partout-1024x731.jpg\" alt=\"Aim\u00e9 \u00e9crire jour et nuit et partout.\" width=\"640\" height=\"457\" srcset=\"https:\/\/www.coollibri.com\/blog\/wp-content\/uploads\/2019\/06\/j-ai-toujours-un-carnet-pres-de-mon-lit-mais-j-ecris-partout-1024x731.jpg 1024w, https:\/\/www.coollibri.com\/blog\/wp-content\/uploads\/2019\/06\/j-ai-toujours-un-carnet-pres-de-mon-lit-mais-j-ecris-partout-300x214.jpg 300w, https:\/\/www.coollibri.com\/blog\/wp-content\/uploads\/2019\/06\/j-ai-toujours-un-carnet-pres-de-mon-lit-mais-j-ecris-partout-768x548.jpg 768w, https:\/\/www.coollibri.com\/blog\/wp-content\/uploads\/2019\/06\/j-ai-toujours-un-carnet-pres-de-mon-lit-mais-j-ecris-partout.jpg 1200w\" sizes=\"(max-width: 640px) 100vw, 640px\" \/><figcaption id=\"caption-attachment-2910\" class=\"wp-caption-text\">Aim\u00e9 \u00e9crire jour et nuit et partout.<\/figcaption><\/figure>\n<p>&nbsp;<\/p>\n<blockquote>\n<p>J&rsquo;ai toujours un carnet pr\u00e8s de mon lit, mais j&rsquo;\u00e9cris partout. J&rsquo;aime beaucoup \u00e9crire dans les gares ou les trains.<\/p>\n<\/blockquote>\n<h3>Collections et catalogue<\/h3>\n<p>Adresse du site :<\/p>\n<p><a href=\"https:\/\/livrs-editions.com\/boutique\/\" target=\"_blank\" rel=\"noopener noreferrer\">https:\/\/livrs-editions.com\/boutique\/<\/a><\/p>\n<h3>Manuscrits<\/h3>\n<p>Les consignes sont strictes. Les manuscrits doivent \u00eatre envoy\u00e9s via la page sp\u00e9cifique : https:\/\/livrs-editions.com\/soumettre-votre-manuscrit\/<\/p>\n<p>Ils doivent, en outre, :<\/p>\n<ul>\n<li>\u00catre r\u00e9dig\u00e9s dans le format PDF.<\/li>\n<li>Utiliser la police Times New Roman 14, interligne 2.<\/li>\n<li>Indiquer, en couverture, le nom du manuscrit et le nom de l&rsquo;auteur.<\/li>\n<\/ul>\n<h3>Coordonn\u00e9es<\/h3>\n<p>Rue d&rsquo;Erbisoeul, 28<\/p>\n<p>7050 Erbisoeul<\/p>\n<h3>Contacts<\/h3>\n<p>Mail : contact@livrs-editions.com<\/p>\n<p>Tel. : +32 (0) 478 642 393<\/p>\n<p>&nbsp;<\/p>\n<h2>Mardaga<\/h2>\n<p><img loading=\"lazy\" decoding=\"async\" class=\"aligncenter wp-image-2904 size-medium\" src=\"https:\/\/www.coollibri.com\/blog\/wp-content\/uploads\/2019\/06\/mardaga-300x244.jpg\" alt=\"Mardaga maison d'\u00e9dition belgique\" width=\"300\" height=\"244\" srcset=\"https:\/\/www.coollibri.com\/blog\/wp-content\/uploads\/2019\/06\/mardaga-300x244.jpg 300w, https:\/\/www.coollibri.com\/blog\/wp-content\/uploads\/2019\/06\/mardaga.jpg 355w\" sizes=\"(max-width: 300px) 100vw, 300px\" \/><\/p>\n<p>&nbsp;<\/p>\n<h3>Pr\u00e9sentation g\u00e9n\u00e9rale<\/h3>\n<p style=\"text-align: justify;\">La maison d&rsquo;\u00e9dition vient d&rsquo;\u00eatre reprise par le groupe Lema\u00eetre Publishing dont le fondateur est Thibault L\u00e9onard, sp\u00e9cialiste de la cr\u00e9ation et de l&rsquo;\u00e9dition num\u00e9rique. La cr\u00e9ation de Mardaga date de 1966 et, au fil des ans, l&rsquo;\u00e9diteur s&rsquo;est acquis, notamment, une forte notori\u00e9t\u00e9 dans les domaines de la sant\u00e9, du bien-\u00eatre et de l&rsquo;architecture.<\/p>\n<p style=\"text-align: justify;\">Malgr\u00e9 de nombreuses p\u00e9rip\u00e9ties financi\u00e8res, dont un passage par les \u00e9ditions Masson, Mardaga a su constituer un fond \u00e9ditorial tr\u00e8s important, de pr\u00e8s de 2000 titres, et de grande qualit\u00e9. Il est \u00e0 noter, qu&rsquo;ann\u00e9e apr\u00e8s ann\u00e9e, l&rsquo;\u00e9diteur \u00e9largit l&rsquo;\u00e9ventail de ses th\u00e9matiques.<\/p>\n<p style=\"text-align: justify;\">Comme le dit, Fr\u00e9d\u00e9ric Thys, directeur de la collection, \u00ab\u00a0sant\u00e9 en soi\u00a0\u00bb :<\/p>\n<blockquote>\n<p>Une maison d&rsquo;\u00e9dition, qui tient de la sorte dans la dur\u00e9e, ne peut \u00eatre qu&rsquo;une structure vivante, qui a la capacit\u00e9 de s&rsquo;adapter \u00e0 un environnement qui \u00e9volue et qui est ouverte au changement.<\/p>\n<\/blockquote>\n<p style=\"text-align: justify;\">Habitu\u00e9e aux best sellers, la maison Mardaga est \u00e0 l&rsquo;origine de la publication, entre autres, de \u00ab\u00a0Pourquoi les gens intelligents prennent-ils des d\u00e9cisions stupides &#8211; <a href=\"https:\/\/www.editionsmardaga.com\/catalogue\/gens-intelligents-prennent-decisions-stupides\/\" target=\"_blank\" rel=\"noopener noreferrer\">le paradoxe du QI<\/a> \u00ab\u00a0, \u00e9crit par Yves-Alexandre Thalmann.<\/p>\n<h3>Collections et catalogue<\/h3>\n<p>Adresse du site :<\/p>\n<p><a href=\"https:\/\/www.editionsmardaga.com\/catalogue\/\" target=\"_blank\" rel=\"noopener noreferrer\">https:\/\/www.editionsmardaga.com\/catalogue\/<\/a><\/p>\n<h3>Manuscrits<\/h3>\n<p>La maison examine tous les manuscrits. Elle demande cependant que les auteurs utilisent, de pr\u00e9f\u00e9rence, la <a href=\"https:\/\/www.editionsmardaga.com\/soumettre-un-projet\/\" target=\"_blank\" rel=\"noopener noreferrer\">page d\u00e9di\u00e9e<\/a> de son site et que chaque manuscrit soit accompagn\u00e9 :<\/p>\n<ol>\n<li>D&rsquo;une pr\u00e9sentation de l&rsquo;auteur.<\/li>\n<li>D&rsquo;un r\u00e9sum\u00e9 argument\u00e9 de l&rsquo;ouvrage.<\/li>\n<li>D&rsquo;une table de mati\u00e8res compl\u00e8te.<\/li>\n<\/ol>\n<p>Une r\u00e9ponse est fournie dans les trois mois suivant la r\u00e9ception.<\/p>\n<h3>Coordonn\u00e9es<\/h3>\n<p>Avenue de la Couronne, 159, bt 4<\/p>\n<p>1050, Ixelles<\/p>\n<h3>Contacts<\/h3>\n<p>Mail : info@\u00e9ditionsmardaga.com<\/p>\n<p>Tel. : + 32 (0) 28 94 09 40<\/p>\n<p>&nbsp;<\/p>\n<h2>Nevicata<\/h2>\n<p><img loading=\"lazy\" decoding=\"async\" class=\"aligncenter wp-image-2905 size-medium\" src=\"https:\/\/www.coollibri.com\/blog\/wp-content\/uploads\/2019\/06\/nevicata-300x244.jpg\" alt=\"\u00e9ditions Nevicata maison d'\u00e9dition belge\" width=\"300\" height=\"244\" srcset=\"https:\/\/www.coollibri.com\/blog\/wp-content\/uploads\/2019\/06\/nevicata-300x244.jpg 300w, https:\/\/www.coollibri.com\/blog\/wp-content\/uploads\/2019\/06\/nevicata.jpg 355w\" sizes=\"(max-width: 300px) 100vw, 300px\" \/><\/p>\n<p>&nbsp;<\/p>\n<h3>Pr\u00e9sentation g\u00e9n\u00e9rale<\/h3>\n<p style=\"text-align: justify;\">Les \u00e9ditions Nevicata, averse de neige en italien, ont \u00e9t\u00e9 cr\u00e9\u00e9es en 2008 par Paul-Eric Mondron un amoureux des c\u00eemes et des pentes neigeuses. Pour autant, sa maison d&rsquo;\u00e9dition, si elle fait la part belle aux r\u00e9cits d&rsquo;aventure et de montagne, elle ne s&rsquo;y limite pas. Loin de l\u00e0 !<\/p>\n<p style=\"text-align: justify;\">Sa collection \u00ab\u00a0l&rsquo;\u00e2me des peuples\u00a0\u00bb comble un vide en se focalisant avec de brefs ouvrages, en g\u00e9n\u00e9ral, moins de 100 pages, sur ce qui fait la particularit\u00e9 d&rsquo;un peuple. L&rsquo;approche \u00e9ditoriale fait penser \u00e0 celle des <a href=\"https:\/\/www.editions-bonneton.com\/\" target=\"_blank\" rel=\"noopener noreferrer\">\u00e9ditions Bonneton<\/a>, maison d&rsquo;\u00e9dition qui s&rsquo;est sp\u00e9cialis\u00e9e dans la d\u00e9couverte de r\u00e9gions fran\u00e7aises.\u00a0<\/p>\n<p style=\"text-align: justify;\">Un autre secteur accueille des ouvrages qui aident \u00e0 comprendre le monde contemporain. Petite maison d&rsquo;\u00e9dition, de cr\u00e9ation r\u00e9cente, qui publie une douzaine de titres par an, Paul-Eric Mondron a le souci de sa p\u00e9rennit\u00e9 :<\/p>\n<blockquote>\n<p>J&rsquo;assume le choix d&rsquo;\u00e9diter des livres, aujourd&rsquo;hui, dit-il, ce qui ne m&#8217;emp\u00eache pas de faire des calculs tr\u00e8s pr\u00e9cis sur le potentiel commercial de chaque titre.<\/p>\n<\/blockquote>\n<h3>Collections et catalogue<\/h3>\n<p>Adresse du site :<\/p>\n<p>https:\/\/editionsnevicata.be\/<\/p>\n<h3>Manuscrits<\/h3>\n<p style=\"text-align: justify;\">La maison d&rsquo;\u00e9dition ne donne pas d&rsquo;indications particuli\u00e8res sur les modalit\u00e9s d&rsquo;envoi des manuscrits. Avant tout envoi, il est conseill\u00e9 de se renseigner directement aupr\u00e8s de l&rsquo;\u00e9diteur pour en conna\u00eetre les d\u00e9tails.<\/p>\n<h3>Coordonn\u00e9es<\/h3>\n<p>Avenue du g\u00e9n\u00e9ral de Gaulle, 42<\/p>\n<p>1050 Bruxelles<\/p>\n<h3>Contacts<\/h3>\n<p>Mail : info@editionsnevcata.be<\/p>\n<p>Tel. : +32 (0) 26 47 83 78<\/p>\n<p>&nbsp;<\/p>\n<p>&nbsp;<\/p>\n<h2>Editions Onlit<\/h2>\n<p><img loading=\"lazy\" decoding=\"async\" class=\"aligncenter wp-image-2906 size-medium\" src=\"https:\/\/www.coollibri.com\/blog\/wp-content\/uploads\/2019\/06\/onlit-300x244.jpg\" alt=\"Editions Onlit \u00e9diteur belgique\" width=\"300\" height=\"244\" srcset=\"https:\/\/www.coollibri.com\/blog\/wp-content\/uploads\/2019\/06\/onlit-300x244.jpg 300w, https:\/\/www.coollibri.com\/blog\/wp-content\/uploads\/2019\/06\/onlit.jpg 355w\" sizes=\"(max-width: 300px) 100vw, 300px\" \/><\/p>\n<h3>Pr\u00e9sentation g\u00e9n\u00e9rale<\/h3>\n<p style=\"text-align: justify;\">Les \u00e9ditions Onlit viennent du num\u00e9rique et les technologies digitales impr\u00e8gnent leur mod\u00e8le de d\u00e9veloppement. Leur cr\u00e9ation date de 2012 et leurs deux fondateurs, Pierre de Muelenaere et Edgar Kosma, ont commenc\u00e9 par animer une revue litt\u00e9raire en ligne avant de passer \u00e0 l&rsquo;\u00e9dition proprement dite, d&rsquo;abord 100 % num\u00e9rique, puis \u00e0 la fois num\u00e9rique et papier. Comme le dit Pierre de Muelenaere :<\/p>\n<p>&nbsp;<\/p>\n<p>&nbsp;<\/p>\n<figure id=\"attachment_2913\" aria-describedby=\"caption-attachment-2913\" style=\"width: 640px\" class=\"wp-caption aligncenter\"><img loading=\"lazy\" decoding=\"async\" class=\"wp-image-2913 size-large\" src=\"https:\/\/www.coollibri.com\/blog\/wp-content\/uploads\/2019\/06\/nous-pensons-que-le-numerique-n-est-pas-un-danger-1024x731.jpg\" alt=\"Maison d'\u00c9dition : le num\u00e9rique est une opportunit\u00e9\" width=\"640\" height=\"457\" srcset=\"https:\/\/www.coollibri.com\/blog\/wp-content\/uploads\/2019\/06\/nous-pensons-que-le-numerique-n-est-pas-un-danger-1024x731.jpg 1024w, https:\/\/www.coollibri.com\/blog\/wp-content\/uploads\/2019\/06\/nous-pensons-que-le-numerique-n-est-pas-un-danger-300x214.jpg 300w, https:\/\/www.coollibri.com\/blog\/wp-content\/uploads\/2019\/06\/nous-pensons-que-le-numerique-n-est-pas-un-danger-768x548.jpg 768w, https:\/\/www.coollibri.com\/blog\/wp-content\/uploads\/2019\/06\/nous-pensons-que-le-numerique-n-est-pas-un-danger.jpg 1200w\" sizes=\"(max-width: 640px) 100vw, 640px\" \/><figcaption id=\"caption-attachment-2913\" class=\"wp-caption-text\">Maison d&rsquo;\u00c9dition : le num\u00e9rique est une opportunit\u00e9 \u00e0 qui sait en profiter.<\/figcaption><\/figure>\n<p>&nbsp;<\/p>\n<blockquote>\n<p>Nous pensons que le num\u00e9rique n&rsquo;est pas un danger, mais bien une formidable opportunit\u00e9.<\/p>\n<\/blockquote>\n<p style=\"text-align: justify;\">Centr\u00e9es sur le romanesque, les \u00e9ditions Onlit publient \u00e0 compte d&rsquo;\u00e9diteur des ouvrages, plut\u00f4t courts, d&rsquo;auteurs connus ou non. Le rythme de publication est d&rsquo;environ 8 \u00e0 10 titres par an. Les deux fondateurs constituent le comit\u00e9 de lecture et comme ils le pr\u00e9cisent :<\/p>\n<blockquote>\n<p>Nous publions ce que nous aimons, ce qui nous fait rire, ce qui nous touche. Le r\u00e9sultat est une ligne \u00e9ditoriale de fiction, contemporaine, francophone et volontiers d\u00e9cal\u00e9e.<\/p>\n<\/blockquote>\n<p>&nbsp;<\/p>\n<h3>Collections et catalogue<\/h3>\n<p>Adresse du site :<\/p>\n<p><a href=\"https:\/\/www.onlit.net\/collections\/numerique\">Catalogue<\/a><\/p>\n<p>&nbsp;<\/p>\n<h3>Manuscrits<\/h3>\n<p style=\"text-align: justify;\">Ils doivent \u00eatre envoy\u00e9s par la voie postale, accompagn\u00e9s d&rsquo;une br\u00e8ve pr\u00e9sentation de l&rsquo;auteur et du projet. L&rsquo;\u00e9diteur ne r\u00e9pond pas aux envois par mail et ne donne aucune r\u00e9ponse en cas de refus.<\/p>\n<h3>Coordonn\u00e9es<\/h3>\n<p>Avenue Woeste, 75, bt 12<\/p>\n<p>1090 Bruxelles<\/p>\n<h3>Contacts<\/h3>\n<p>Mail : info@onlit.net<\/p>\n<p>&nbsp;<\/p>\n<h2>Editions Racine<\/h2>\n<p><img loading=\"lazy\" decoding=\"async\" class=\"aligncenter wp-image-2907 size-medium\" src=\"https:\/\/www.coollibri.com\/blog\/wp-content\/uploads\/2019\/06\/racine-300x244.jpg\" alt=\"Editions Racine maison d'\u00e9dition belge francophone\" width=\"300\" height=\"244\" srcset=\"https:\/\/www.coollibri.com\/blog\/wp-content\/uploads\/2019\/06\/racine-300x244.jpg 300w, https:\/\/www.coollibri.com\/blog\/wp-content\/uploads\/2019\/06\/racine.jpg 355w\" sizes=\"(max-width: 300px) 100vw, 300px\" \/><\/p>\n<h3>Pr\u00e9sentation g\u00e9n\u00e9rale<\/h3>\n<p style=\"text-align: justify;\">Tr\u00e8s centr\u00e9es, \u00e0 l&rsquo;origine, sur le march\u00e9 belge, les \u00e9ditions Racine, qui font partie du groupe Lannoo, s&rsquo;int\u00e9ressent de plus en plus au march\u00e9 fran\u00e7ais et francophone. De fait, leader dans son secteur, la maison d&rsquo;\u00e9dition concentre son d\u00e9veloppement autour de deux p\u00f4les : un p\u00f4le beau livre et un p\u00f4le essais :<\/p>\n<ul>\n<li style=\"text-align: justify;\">Le p\u00f4le \u00ab\u00a0beau livre\u00a0\u00bb r\u00e9unit des collections tr\u00e8s diverses consacr\u00e9es, par exemple, \u00e0 l&rsquo;architecture, au patrimoine, aux arts d\u00e9coratifs, \u00e0 la photographie, \u00e0 la gastronomie, aux jardins et au tourisme.<\/li>\n<\/ul>\n<p>&nbsp;<\/p>\n<ul>\n<li style=\"text-align: justify;\">Quant au p\u00f4le \u00ab\u00a0essais\u00a0\u00bb, il publie des auteurs qui s&rsquo;int\u00e9ressent \u00e0 des sujets d&rsquo;histoire, de soci\u00e9t\u00e9, de politique ou d&rsquo;\u00e9conomie. D&rsquo;une mani\u00e8re g\u00e9n\u00e9rale, les \u00e9ditions Racine ne publient ni romans, ni po\u00e8mes, ni pi\u00e8ces de th\u00e9\u00e2tre.\u00a0<\/li>\n<\/ul>\n<p>&nbsp;<\/p>\n<p>Par ailleurs, d\u00e9marr\u00e9 en 1993, le fonds \u00e9ditorial rassemble pr\u00e8s de 1000 titres et le rythme de publication est actuellement de 50 ouvrages par an. La ligne \u00e9ditoriale est sous la responsabilit\u00e9 de Michelle Poskin.<\/p>\n<p>&nbsp;<\/p>\n<h3>Collections et catalogue<\/h3>\n<p>Adresse du site :<\/p>\n<p><a href=\"https:\/\/www.racine.be\/fr\" target=\"_blank\" rel=\"noopener noreferrer\">https:\/\/www.racine.be\/fr<\/a><\/p>\n<h3>Manuscrits<\/h3>\n<p>Une pr\u00e9sentation succincte du manuscrit (sommaire, court extrait, lettre de projet\u2026) ou le manuscrit achev\u00e9, peut \u00eatre adress\u00e9 \u00e0 l&rsquo;\u00e9diteur par :<\/p>\n<ul>\n<li>Mail au format Word ou PDF \u00e0 <a href=\"mailto:info@racine.be\">info@racine.be<\/a> (max 5MB).<\/li>\n<li>Courrier postal (version papier ou cd-rom).<\/li>\n<\/ul>\n<h3>Coordonn\u00e9es<\/h3>\n<p>Avenue du Port, 86 C &#8211; Bte 104 A<\/p>\n<p>1000 Bruxelles<\/p>\n<h3>Contacts<\/h3>\n<p>Mail : info@racine.be<\/p>\n<p>Tel. : +32 (0) 26 46 44 44<\/p>\n<p>&nbsp;<\/p>\n<h2>Versant sud<\/h2>\n<p><img loading=\"lazy\" decoding=\"async\" class=\"aligncenter wp-image-2908 size-medium\" src=\"https:\/\/www.coollibri.com\/blog\/wp-content\/uploads\/2019\/06\/versant-sud-300x244.jpg\" alt=\"\u00c9dition versant sud Belgique\" width=\"300\" height=\"244\" srcset=\"https:\/\/www.coollibri.com\/blog\/wp-content\/uploads\/2019\/06\/versant-sud-300x244.jpg 300w, https:\/\/www.coollibri.com\/blog\/wp-content\/uploads\/2019\/06\/versant-sud.jpg 355w\" sizes=\"(max-width: 300px) 100vw, 300px\" \/><\/p>\n<h3>Pr\u00e9sentation g\u00e9n\u00e9rale<\/h3>\n<p style=\"text-align: justify;\">La maison d&rsquo;\u00e9dition a trois domaines de pr\u00e9dilection : les voyages, l&rsquo;histoire et la musique. Elisabeth Jongen, ancienne \u00e9ditrice des \u00e9ditions Jacques Antoine et de De Boeck Universit\u00e9 est \u00e0 l&rsquo;origine de sa cr\u00e9ation.<\/p>\n<p style=\"text-align: justify;\">La maison est jeune, en effet, elle date de 2001. A ce jour, elle a publi\u00e9 60 titres et son rythme annuel de publication actuel est d&rsquo;une dizaine de livres.<\/p>\n<p style=\"text-align: justify;\">Toutefois, il convient d&rsquo;ajouter \u00e0 son catalogue, celui de Versant sud jeunesse qui est d\u00e9di\u00e9 \u00e0 la litt\u00e9rature enfantine, principalement sous forme de BD.<\/p>\n<h3>Collections et catalogue<\/h3>\n<p>Adresse du site :<\/p>\n<p><a href=\"https:\/\/www.versant-sud.com\/\" target=\"_blank\" rel=\"noopener noreferrer\">https:\/\/www.versant-sud.com\/<\/a><\/p>\n<h3>Manuscrits<\/h3>\n<p>Pour tout projet, s&rsquo;adresser directement \u00e0 Elisabeth Jongen : elisabeth.jongen@versant-sud.com<\/p>\n<h3>Coordonn\u00e9es<\/h3>\n<p>Boulevard G\u00e9n\u00e9ral Jacques, 20<\/p>\n<p>1050 Ixelles<\/p>\n<h3>Contacts<\/h3>\n<p>Mail : elisabeth.jongen@versant-sud.com<\/p>\n<p>Tel. : +32 (0) 26 46 08 90<\/p>\n<p>&nbsp;<\/p>\n<h2>Yellow now<\/h2>\n<h3><img loading=\"lazy\" decoding=\"async\" class=\"alignnone size-large\" src=\"http:\/\/www.yellownow.be\/images\/logos\/ed_yn_txt.jpg\" alt=\"\u00c9ditions yellow now maison d'\u00e9dition belge\" width=\"680\" height=\"83\" \/><\/h3>\n<h3>Pr\u00e9sentation g\u00e9n\u00e9rale<\/h3>\n<p style=\"text-align: justify;\">Les \u00e9ditions Yellow Now ont presque 50 ans. Leur sens de l&rsquo;humour est toujours intact. Galerie d&rsquo;art \u00e0 l&rsquo;origine, fond\u00e9e par Guy Jungblut et sp\u00e9cialis\u00e9e dans les artistes un peu d\u00e9cal\u00e9s, la maison d&rsquo;\u00e9dition est devenue au fil des ans incontournable dans le domaine des arts plastiques, de la photographie\u00a0 et du cin\u00e9ma.<\/p>\n<p style=\"text-align: justify;\">Une collection \u00ab\u00a0divers\u00a0\u00bb, mais d\u00e9tonante, accueille les titres inclassables dans les autres collections de l&rsquo;\u00e9diteur, mais qu&rsquo;il serait bien dommage de laisser de c\u00f4t\u00e9. Car comme le dit <a href=\"http:\/\/www.comptoirdesressourcescreatives.be\/les-membres\/membre\/emmanuel-dautreppe-536\" target=\"_blank\" rel=\"noopener noreferrer\">Emmanuel d&rsquo;Autreppe<\/a>,\u00a0 photographe et directeur de collection depuis 2000 :<\/p>\n<blockquote>\n<p>Quand \u00e7a d\u00e9borde vraiment trop, une collection \u00ab\u00a0hors collection\u00a0\u00bb est l\u00e0 pour recueillir les \u00e9panchements encombrants, mais dont on ne voudrait pas se priver.<\/p>\n<\/blockquote>\n<h3>Collections et catalogue<\/h3>\n<p>Adresse du site :<\/p>\n<p><a href=\"http:\/\/www.yellownow.be\/index.php\" target=\"_blank\" rel=\"noopener noreferrer\">http:\/\/www.yellownow.be\/index.php<\/a><\/p>\n<h3>Manuscrits<\/h3>\n<p style=\"text-align: justify;\">La maison d&rsquo;\u00e9dition ne donne pas d&rsquo;indications particuli\u00e8res sur les modalit\u00e9s d&rsquo;envoi des manuscrits. Avant tout envoi, il est conseill\u00e9 de se renseigner directement aupr\u00e8s de l&rsquo;\u00e9diteur pour en conna\u00eetre les d\u00e9tails.<\/p>\n<h3>Coordonn\u00e9es<\/h3>\n<p>Rue Fran\u00e7ois Gilon, 15<\/p>\n<p>4367 Crisn\u00e9e<\/p>\n<h3>Contacts<\/h3>\n<p>Mail : info@yellownow.be<\/p>\n<p>Tel. : +32 (0) 19 67 77 35<\/p>\n<p>&nbsp;<\/p>\n<p>&nbsp;<\/p>\n<p style=\"text-align: justify;\">A la fin de 2018 et \u00e0 la veille de la 50\u00e8me foire aux livres de Bruxelles de f\u00e9vrier 2019, Luce Vilquin a adress\u00e9 une lettre \u00e0 tous ses auteurs leur annon\u00e7ant qu&rsquo;elle cessait d\u00e9sormais son activit\u00e9 d&rsquo;\u00e9ditrice. Apr\u00e8s son annonce, les repreneurs ne sont pas pr\u00e9cipit\u00e9s pour acheter son fonds \u00e9ditorial de pr\u00e8s de 550 titres.<\/p>\n<p style=\"text-align: justify;\">Ces difficult\u00e9s illustrent \u00e0 elles seules la conjoncture perturb\u00e9e que traversent actuellement le <a href=\"https:\/\/lesimpressionsnouvelles.com\/wp-content\/uploads\/2019\/03\/LivresHebdo-FLB2019.pdf\" target=\"_blank\" rel=\"noopener noreferrer\">march\u00e9 de l&rsquo;\u00e9dition belge<\/a> et les \u00e9diteurs belges. Cette p\u00e9riode constitue cependant une source d&rsquo;opportunit\u00e9s pour de nouveaux auteurs, car elle contraint les \u00e9diteurs install\u00e9s \u00e0 revoir leur strat\u00e9gie et elle suscite la cr\u00e9ation de nouvelles structures plus ouvertes.<\/p>\n","protected":false},"excerpt":{"rendered":"<p>Sous l&rsquo;impulsion des \u00e9diteurs belges, le march\u00e9 du livre francophone en Belgique est une r\u00e9alit\u00e9, m\u00eame si sa taille est largement inf\u00e9rieure \u00e0 celle du march\u00e9 du livre fran\u00e7ais. En effet, il repr\u00e9sente environ un dixi\u00e8me de ce dernier. Cependant, ses particularit\u00e9s font qu&rsquo;une grande partie de ce qui est publi\u00e9 est destin\u00e9 \u00e0 l&rsquo;exportation. [&hellip;]<\/p>\n","protected":false},"author":8,"featured_media":2895,"comment_status":"open","ping_status":"open","sticky":false,"template":"","format":"standard","meta":{"content-type":"","footnotes":""},"categories":[2],"tags":[241,240,227,86,81],"class_list":["post-2860","post","type-post","status-publish","format-standard","has-post-thumbnail","hentry","category-ecrire-un-livre","tag-belgique","tag-editeurs","tag-editeurs-en-vogue","tag-liste-maison-edition","tag-maison-dedition"],"yoast_head":"<!-- This site is optimized with the Yoast SEO plugin v25.6 - https:\/\/yoast.com\/wordpress\/plugins\/seo\/ -->\r\n<title>Les \u00e9diteurs belges sont une opportunit\u00e9 pour les auteurs francophones<\/title>\r\n<meta name=\"description\" content=\"Les \u00e9diteurs belges sont foisonnants et ils sont ouverts aux textes les plus divers qui peuvent int\u00e9resser un public francophone.\" \/>\r\n<meta name=\"robots\" content=\"index, follow, max-snippet:-1, max-image-preview:large, max-video-preview:-1\" \/>\r\n<link rel=\"canonical\" href=\"https:\/\/www.coollibri.com\/blog\/editeurs-belges-francophones-selection\/\" \/>\r\n<meta property=\"og:locale\" content=\"fr_FR\" \/>\r\n<meta property=\"og:type\" content=\"article\" \/>\r\n<meta property=\"og:title\" content=\"Les \u00e9diteurs belges sont une opportunit\u00e9 pour les auteurs francophones\" \/>\r\n<meta property=\"og:description\" content=\"Les \u00e9diteurs belges sont foisonnants et ils sont ouverts aux textes les plus divers qui peuvent int\u00e9resser un public francophone.\" \/>\r\n<meta property=\"og:url\" content=\"https:\/\/www.coollibri.com\/blog\/editeurs-belges-francophones-selection\/\" \/>\r\n<meta property=\"og:site_name\" content=\"\u00c9crire un livre et auto\u00e9dition, le blog.\" \/>\r\n<meta property=\"article:publisher\" content=\"https:\/\/www.facebook.com\/CoolLibri\" \/>\r\n<meta property=\"article:published_time\" content=\"2019-06-12T06:30:20+00:00\" \/>\r\n<meta property=\"article:modified_time\" content=\"2019-10-01T10:07:11+00:00\" \/>\r\n<meta property=\"og:image\" content=\"https:\/\/www.coollibri.com\/blog\/wp-content\/uploads\/2019\/06\/editeurs-belges-francophones-une-selection.jpg\" \/>\r\n\t<meta property=\"og:image:width\" content=\"1600\" \/>\r\n\t<meta property=\"og:image:height\" content=\"500\" \/>\r\n\t<meta property=\"og:image:type\" content=\"image\/jpeg\" \/>\r\n<meta name=\"author\" content=\"CoolLibri Impression de livre\" \/>\r\n<meta name=\"twitter:card\" content=\"summary_large_image\" \/>\r\n<meta name=\"twitter:creator\" content=\"@coollibri\" \/>\r\n<meta name=\"twitter:site\" content=\"@coollibri\" \/>\r\n<meta name=\"twitter:label1\" content=\"\u00c9crit par\" \/>\n\t<meta name=\"twitter:data1\" content=\"CoolLibri Impression de livre\" \/>\n\t<meta name=\"twitter:label2\" content=\"Dur\u00e9e de lecture estim\u00e9e\" \/>\n\t<meta name=\"twitter:data2\" content=\"17 minutes\" \/>\r\n<script type=\"application\/ld+json\" class=\"yoast-schema-graph\">{\"@context\":\"https:\/\/schema.org\",\"@graph\":[{\"@type\":\"Article\",\"@id\":\"https:\/\/www.coollibri.com\/blog\/editeurs-belges-francophones-selection\/#article\",\"isPartOf\":{\"@id\":\"https:\/\/www.coollibri.com\/blog\/editeurs-belges-francophones-selection\/\"},\"author\":{\"name\":\"CoolLibri Impression de livre\",\"@id\":\"https:\/\/www.coollibri.com\/blog\/#\/schema\/person\/5105fe42ec9d3fe2661138a0d65013c7\"},\"headline\":\"\u00c9diteurs belges francophones : une s\u00e9lection\",\"datePublished\":\"2019-06-12T06:30:20+00:00\",\"dateModified\":\"2019-10-01T10:07:11+00:00\",\"mainEntityOfPage\":{\"@id\":\"https:\/\/www.coollibri.com\/blog\/editeurs-belges-francophones-selection\/\"},\"wordCount\":3420,\"commentCount\":6,\"publisher\":{\"@id\":\"https:\/\/www.coollibri.com\/blog\/#organization\"},\"image\":{\"@id\":\"https:\/\/www.coollibri.com\/blog\/editeurs-belges-francophones-selection\/#primaryimage\"},\"thumbnailUrl\":\"https:\/\/www.coollibri.com\/blog\/wp-content\/uploads\/2019\/06\/editeurs-belges-francophones-une-selection.jpg\",\"keywords\":[\"Belgique\",\"\u00e9diteurs\",\"\u00e9diteurs en vogue\",\"liste maison \u00e9dition\",\"maison d'\u00e9dition\"],\"articleSection\":[\"\u00c9crire un livre\"],\"inLanguage\":\"fr-FR\",\"potentialAction\":[{\"@type\":\"CommentAction\",\"name\":\"Comment\",\"target\":[\"https:\/\/www.coollibri.com\/blog\/editeurs-belges-francophones-selection\/#respond\"]}]},{\"@type\":\"WebPage\",\"@id\":\"https:\/\/www.coollibri.com\/blog\/editeurs-belges-francophones-selection\/\",\"url\":\"https:\/\/www.coollibri.com\/blog\/editeurs-belges-francophones-selection\/\",\"name\":\"Les \u00e9diteurs belges sont une opportunit\u00e9 pour les auteurs francophones\",\"isPartOf\":{\"@id\":\"https:\/\/www.coollibri.com\/blog\/#website\"},\"primaryImageOfPage\":{\"@id\":\"https:\/\/www.coollibri.com\/blog\/editeurs-belges-francophones-selection\/#primaryimage\"},\"image\":{\"@id\":\"https:\/\/www.coollibri.com\/blog\/editeurs-belges-francophones-selection\/#primaryimage\"},\"thumbnailUrl\":\"https:\/\/www.coollibri.com\/blog\/wp-content\/uploads\/2019\/06\/editeurs-belges-francophones-une-selection.jpg\",\"datePublished\":\"2019-06-12T06:30:20+00:00\",\"dateModified\":\"2019-10-01T10:07:11+00:00\",\"description\":\"Les \u00e9diteurs belges sont foisonnants et ils sont ouverts aux textes les plus divers qui peuvent int\u00e9resser un public francophone.\",\"breadcrumb\":{\"@id\":\"https:\/\/www.coollibri.com\/blog\/editeurs-belges-francophones-selection\/#breadcrumb\"},\"inLanguage\":\"fr-FR\",\"potentialAction\":[{\"@type\":\"ReadAction\",\"target\":[\"https:\/\/www.coollibri.com\/blog\/editeurs-belges-francophones-selection\/\"]}]},{\"@type\":\"ImageObject\",\"inLanguage\":\"fr-FR\",\"@id\":\"https:\/\/www.coollibri.com\/blog\/editeurs-belges-francophones-selection\/#primaryimage\",\"url\":\"https:\/\/www.coollibri.com\/blog\/wp-content\/uploads\/2019\/06\/editeurs-belges-francophones-une-selection.jpg\",\"contentUrl\":\"https:\/\/www.coollibri.com\/blog\/wp-content\/uploads\/2019\/06\/editeurs-belges-francophones-une-selection.jpg\",\"width\":1600,\"height\":500,\"caption\":\"S\u00e9lection \u00c9diteurs belges francophones\"},{\"@type\":\"BreadcrumbList\",\"@id\":\"https:\/\/www.coollibri.com\/blog\/editeurs-belges-francophones-selection\/#breadcrumb\",\"itemListElement\":[{\"@type\":\"ListItem\",\"position\":1,\"name\":\"Accueil\",\"item\":\"https:\/\/www.coollibri.com\/blog\/\"},{\"@type\":\"ListItem\",\"position\":2,\"name\":\"\u00c9diteurs belges francophones : une s\u00e9lection\"}]},{\"@type\":\"WebSite\",\"@id\":\"https:\/\/www.coollibri.com\/blog\/#website\",\"url\":\"https:\/\/www.coollibri.com\/blog\/\",\"name\":\"\u00c9crire un livre et auto\u00e9dition, le blog.\",\"description\":\"Faites une bonne impression\",\"publisher\":{\"@id\":\"https:\/\/www.coollibri.com\/blog\/#organization\"},\"potentialAction\":[{\"@type\":\"SearchAction\",\"target\":{\"@type\":\"EntryPoint\",\"urlTemplate\":\"https:\/\/www.coollibri.com\/blog\/?s={search_term_string}\"},\"query-input\":{\"@type\":\"PropertyValueSpecification\",\"valueRequired\":true,\"valueName\":\"search_term_string\"}}],\"inLanguage\":\"fr-FR\"},{\"@type\":\"Organization\",\"@id\":\"https:\/\/www.coollibri.com\/blog\/#organization\",\"name\":\"CoolLibri - Impression de livre - Auto\u00e9dition\",\"url\":\"https:\/\/www.coollibri.com\/blog\/\",\"logo\":{\"@type\":\"ImageObject\",\"inLanguage\":\"fr-FR\",\"@id\":\"https:\/\/www.coollibri.com\/blog\/#\/schema\/logo\/image\/\",\"url\":\"https:\/\/www.coollibri.com\/blog\/wp-content\/uploads\/2018\/03\/logo.png\",\"contentUrl\":\"https:\/\/www.coollibri.com\/blog\/wp-content\/uploads\/2018\/03\/logo.png\",\"width\":231,\"height\":72,\"caption\":\"CoolLibri - Impression de livre - Auto\u00e9dition\"},\"image\":{\"@id\":\"https:\/\/www.coollibri.com\/blog\/#\/schema\/logo\/image\/\"},\"sameAs\":[\"https:\/\/www.facebook.com\/CoolLibri\",\"https:\/\/x.com\/coollibri\",\"https:\/\/www.instagram.com\/coollibri\/\",\"https:\/\/www.linkedin.com\/company\/coollibri\/\",\"https:\/\/www.youtube.com\/channel\/UCg6CQOMq_0Q1Rc6DsIak0-w\"]},{\"@type\":\"Person\",\"@id\":\"https:\/\/www.coollibri.com\/blog\/#\/schema\/person\/5105fe42ec9d3fe2661138a0d65013c7\",\"name\":\"CoolLibri Impression de livre\",\"image\":{\"@type\":\"ImageObject\",\"inLanguage\":\"fr-FR\",\"@id\":\"https:\/\/www.coollibri.com\/blog\/#\/schema\/person\/image\/\",\"url\":\"https:\/\/secure.gravatar.com\/avatar\/7112ca292ee176a5d7b66db3caf74cd9?s=96&r=g\",\"contentUrl\":\"https:\/\/secure.gravatar.com\/avatar\/7112ca292ee176a5d7b66db3caf74cd9?s=96&r=g\",\"caption\":\"CoolLibri Impression de livre\"}}]}<\/script>\r\n<!-- \/ Yoast SEO plugin. -->","yoast_head_json":{"title":"Les \u00e9diteurs belges sont une opportunit\u00e9 pour les auteurs francophones","description":"Les \u00e9diteurs belges sont foisonnants et ils sont ouverts aux textes les plus divers qui peuvent int\u00e9resser un public francophone.","robots":{"index":"index","follow":"follow","max-snippet":"max-snippet:-1","max-image-preview":"max-image-preview:large","max-video-preview":"max-video-preview:-1"},"canonical":"https:\/\/www.coollibri.com\/blog\/editeurs-belges-francophones-selection\/","og_locale":"fr_FR","og_type":"article","og_title":"Les \u00e9diteurs belges sont une opportunit\u00e9 pour les auteurs francophones","og_description":"Les \u00e9diteurs belges sont foisonnants et ils sont ouverts aux textes les plus divers qui peuvent int\u00e9resser un public francophone.","og_url":"https:\/\/www.coollibri.com\/blog\/editeurs-belges-francophones-selection\/","og_site_name":"\u00c9crire un livre et auto\u00e9dition, le blog.","article_publisher":"https:\/\/www.facebook.com\/CoolLibri","article_published_time":"2019-06-12T06:30:20+00:00","article_modified_time":"2019-10-01T10:07:11+00:00","og_image":[{"width":1600,"height":500,"url":"https:\/\/www.coollibri.com\/blog\/wp-content\/uploads\/2019\/06\/editeurs-belges-francophones-une-selection.jpg","type":"image\/jpeg"}],"author":"CoolLibri Impression de livre","twitter_card":"summary_large_image","twitter_creator":"@coollibri","twitter_site":"@coollibri","twitter_misc":{"\u00c9crit par":"CoolLibri Impression de livre","Dur\u00e9e de lecture estim\u00e9e":"17 minutes"},"schema":{"@context":"https:\/\/schema.org","@graph":[{"@type":"Article","@id":"https:\/\/www.coollibri.com\/blog\/editeurs-belges-francophones-selection\/#article","isPartOf":{"@id":"https:\/\/www.coollibri.com\/blog\/editeurs-belges-francophones-selection\/"},"author":{"name":"CoolLibri Impression de livre","@id":"https:\/\/www.coollibri.com\/blog\/#\/schema\/person\/5105fe42ec9d3fe2661138a0d65013c7"},"headline":"\u00c9diteurs belges francophones : une s\u00e9lection","datePublished":"2019-06-12T06:30:20+00:00","dateModified":"2019-10-01T10:07:11+00:00","mainEntityOfPage":{"@id":"https:\/\/www.coollibri.com\/blog\/editeurs-belges-francophones-selection\/"},"wordCount":3420,"commentCount":6,"publisher":{"@id":"https:\/\/www.coollibri.com\/blog\/#organization"},"image":{"@id":"https:\/\/www.coollibri.com\/blog\/editeurs-belges-francophones-selection\/#primaryimage"},"thumbnailUrl":"https:\/\/www.coollibri.com\/blog\/wp-content\/uploads\/2019\/06\/editeurs-belges-francophones-une-selection.jpg","keywords":["Belgique","\u00e9diteurs","\u00e9diteurs en vogue","liste maison \u00e9dition","maison d'\u00e9dition"],"articleSection":["\u00c9crire un livre"],"inLanguage":"fr-FR","potentialAction":[{"@type":"CommentAction","name":"Comment","target":["https:\/\/www.coollibri.com\/blog\/editeurs-belges-francophones-selection\/#respond"]}]},{"@type":"WebPage","@id":"https:\/\/www.coollibri.com\/blog\/editeurs-belges-francophones-selection\/","url":"https:\/\/www.coollibri.com\/blog\/editeurs-belges-francophones-selection\/","name":"Les \u00e9diteurs belges sont une opportunit\u00e9 pour les auteurs francophones","isPartOf":{"@id":"https:\/\/www.coollibri.com\/blog\/#website"},"primaryImageOfPage":{"@id":"https:\/\/www.coollibri.com\/blog\/editeurs-belges-francophones-selection\/#primaryimage"},"image":{"@id":"https:\/\/www.coollibri.com\/blog\/editeurs-belges-francophones-selection\/#primaryimage"},"thumbnailUrl":"https:\/\/www.coollibri.com\/blog\/wp-content\/uploads\/2019\/06\/editeurs-belges-francophones-une-selection.jpg","datePublished":"2019-06-12T06:30:20+00:00","dateModified":"2019-10-01T10:07:11+00:00","description":"Les \u00e9diteurs belges sont foisonnants et ils sont ouverts aux textes les plus divers qui peuvent int\u00e9resser un public francophone.","breadcrumb":{"@id":"https:\/\/www.coollibri.com\/blog\/editeurs-belges-francophones-selection\/#breadcrumb"},"inLanguage":"fr-FR","potentialAction":[{"@type":"ReadAction","target":["https:\/\/www.coollibri.com\/blog\/editeurs-belges-francophones-selection\/"]}]},{"@type":"ImageObject","inLanguage":"fr-FR","@id":"https:\/\/www.coollibri.com\/blog\/editeurs-belges-francophones-selection\/#primaryimage","url":"https:\/\/www.coollibri.com\/blog\/wp-content\/uploads\/2019\/06\/editeurs-belges-francophones-une-selection.jpg","contentUrl":"https:\/\/www.coollibri.com\/blog\/wp-content\/uploads\/2019\/06\/editeurs-belges-francophones-une-selection.jpg","width":1600,"height":500,"caption":"S\u00e9lection \u00c9diteurs belges francophones"},{"@type":"BreadcrumbList","@id":"https:\/\/www.coollibri.com\/blog\/editeurs-belges-francophones-selection\/#breadcrumb","itemListElement":[{"@type":"ListItem","position":1,"name":"Accueil","item":"https:\/\/www.coollibri.com\/blog\/"},{"@type":"ListItem","position":2,"name":"\u00c9diteurs belges francophones : une s\u00e9lection"}]},{"@type":"WebSite","@id":"https:\/\/www.coollibri.com\/blog\/#website","url":"https:\/\/www.coollibri.com\/blog\/","name":"\u00c9crire un livre et auto\u00e9dition, le blog.","description":"Faites une bonne impression","publisher":{"@id":"https:\/\/www.coollibri.com\/blog\/#organization"},"potentialAction":[{"@type":"SearchAction","target":{"@type":"EntryPoint","urlTemplate":"https:\/\/www.coollibri.com\/blog\/?s={search_term_string}"},"query-input":{"@type":"PropertyValueSpecification","valueRequired":true,"valueName":"search_term_string"}}],"inLanguage":"fr-FR"},{"@type":"Organization","@id":"https:\/\/www.coollibri.com\/blog\/#organization","name":"CoolLibri - Impression de livre - Auto\u00e9dition","url":"https:\/\/www.coollibri.com\/blog\/","logo":{"@type":"ImageObject","inLanguage":"fr-FR","@id":"https:\/\/www.coollibri.com\/blog\/#\/schema\/logo\/image\/","url":"https:\/\/www.coollibri.com\/blog\/wp-content\/uploads\/2018\/03\/logo.png","contentUrl":"https:\/\/www.coollibri.com\/blog\/wp-content\/uploads\/2018\/03\/logo.png","width":231,"height":72,"caption":"CoolLibri - Impression de livre - Auto\u00e9dition"},"image":{"@id":"https:\/\/www.coollibri.com\/blog\/#\/schema\/logo\/image\/"},"sameAs":["https:\/\/www.facebook.com\/CoolLibri","https:\/\/x.com\/coollibri","https:\/\/www.instagram.com\/coollibri\/","https:\/\/www.linkedin.com\/company\/coollibri\/","https:\/\/www.youtube.com\/channel\/UCg6CQOMq_0Q1Rc6DsIak0-w"]},{"@type":"Person","@id":"https:\/\/www.coollibri.com\/blog\/#\/schema\/person\/5105fe42ec9d3fe2661138a0d65013c7","name":"CoolLibri Impression de livre","image":{"@type":"ImageObject","inLanguage":"fr-FR","@id":"https:\/\/www.coollibri.com\/blog\/#\/schema\/person\/image\/","url":"https:\/\/secure.gravatar.com\/avatar\/7112ca292ee176a5d7b66db3caf74cd9?s=96&r=g","contentUrl":"https:\/\/secure.gravatar.com\/avatar\/7112ca292ee176a5d7b66db3caf74cd9?s=96&r=g","caption":"CoolLibri Impression de livre"}}]}},"_links":{"self":[{"href":"https:\/\/www.coollibri.com\/blog\/wp-json\/wp\/v2\/posts\/2860"}],"collection":[{"href":"https:\/\/www.coollibri.com\/blog\/wp-json\/wp\/v2\/posts"}],"about":[{"href":"https:\/\/www.coollibri.com\/blog\/wp-json\/wp\/v2\/types\/post"}],"author":[{"embeddable":true,"href":"https:\/\/www.coollibri.com\/blog\/wp-json\/wp\/v2\/users\/8"}],"replies":[{"embeddable":true,"href":"https:\/\/www.coollibri.com\/blog\/wp-json\/wp\/v2\/comments?post=2860"}],"version-history":[{"count":33,"href":"https:\/\/www.coollibri.com\/blog\/wp-json\/wp\/v2\/posts\/2860\/revisions"}],"predecessor-version":[{"id":2925,"href":"https:\/\/www.coollibri.com\/blog\/wp-json\/wp\/v2\/posts\/2860\/revisions\/2925"}],"wp:featuredmedia":[{"embeddable":true,"href":"https:\/\/www.coollibri.com\/blog\/wp-json\/wp\/v2\/media\/2895"}],"wp:attachment":[{"href":"https:\/\/www.coollibri.com\/blog\/wp-json\/wp\/v2\/media?parent=2860"}],"wp:term":[{"taxonomy":"category","embeddable":true,"href":"https:\/\/www.coollibri.com\/blog\/wp-json\/wp\/v2\/categories?post=2860"},{"taxonomy":"post_tag","embeddable":true,"href":"https:\/\/www.coollibri.com\/blog\/wp-json\/wp\/v2\/tags?post=2860"}],"curies":[{"name":"wp","href":"https:\/\/api.w.org\/{rel}","templated":true}]}}