{"id":8375,"date":"2021-08-25T07:44:03","date_gmt":"2021-08-25T05:44:03","guid":{"rendered":"https:\/\/www.coollibri.com\/blog\/?p=8375"},"modified":"2021-08-25T11:57:55","modified_gmt":"2021-08-25T09:57:55","slug":"quelle-difference-entre-preface-et-avant-propos","status":"publish","type":"post","link":"https:\/\/www.coollibri.com\/blog\/quelle-difference-entre-preface-et-avant-propos\/","title":{"rendered":"Quelle diff\u00e9rence entre pr\u00e9face et avant-propos ?"},"content":{"rendered":"<p style=\"text-align: justify;\">On a tendance \u00e0 confondre pr\u00e9face et avant-propos. C&rsquo;est normal. On trouve l&rsquo;une et l&rsquo;autre au tout d\u00e9but d&rsquo;un texte. Et d&rsquo;ailleurs, pour dire vrai, on est m\u00eame tent\u00e9 par appeler pr\u00e9face tout texte qui pr\u00e9c\u00e8de le texte principal et qui en est nettement s\u00e9par\u00e9. Comme, par exemple, un prologue, un pr\u00e9ambule, un avertissement, une d\u00e9dicace, voire m\u00eame, une introduction. Bon, pour faire simple, on peut effectivement s&rsquo;en tenir \u00e0 cette g\u00e9n\u00e9ralisation, mais il est plus efficace pour un auteur de bien faire la distinction entre les finalit\u00e9s de chacun des paratextes et notamment entre une pr\u00e9face proprement dite et un avant-propos.\u00a0<\/p>\n<h2>Notion de paratexte<\/h2>\n<p style=\"text-align: justify;\">On doit cette notion \u00e0 <a href=\"https:\/\/www.franceculture.fr\/litterature\/gerard-genette\" target=\"_blank\" rel=\"noopener\">G\u00e9rard Genette<\/a> (7\/6\/1930 &#8211; 11\/5\/2018), critique litt\u00e9raire r\u00e9put\u00e9 et un des fondateurs de la <strong>narratologie<\/strong>. Il en a notamment expos\u00e9 les principes dans deux ouvrages : <strong>Palimpsestes<\/strong>, publi\u00e9 en 1982, et <strong>Seuils<\/strong>, en 1987. Elle a l&rsquo;\u00e9norme avantage de faire le point sur <strong>\u00ab\u00a0l&rsquo;entour\u00a0\u00bb du texte<\/strong>. Autrement dit, sur tout ce qui accompagne le texte sans en faire partie et avec pour seule finalit\u00e9 d&rsquo;aider le lecteur \u00e0 mieux le comprendre. Comme, entre autres, un \u00e9pilogue, un avant-propos, un pr\u00e9ambule, un <a href=\"https:\/\/www.coollibri.com\/blog\/comment-ecrire-bon-prologue-quelques-mots\/\" target=\"_blank\" rel=\"noopener\">prologue<\/a>, etc.\u00a0<\/p>\n<p style=\"text-align: center;\">\u00a0<\/p>\n<figure id=\"attachment_8378\" aria-describedby=\"caption-attachment-8378\" style=\"width: 266px\" class=\"wp-caption aligncenter\"><img loading=\"lazy\" decoding=\"async\" class=\" wp-image-8378\" src=\"https:\/\/www.coollibri.com\/blog\/wp-content\/uploads\/epilogue-202x300.jpg\" alt=\"\u00e9pilogue\" width=\"266\" height=\"395\" srcset=\"https:\/\/www.coollibri.com\/blog\/wp-content\/uploads\/epilogue-202x300.jpg 202w, https:\/\/www.coollibri.com\/blog\/wp-content\/uploads\/epilogue-689x1024.jpg 689w, https:\/\/www.coollibri.com\/blog\/wp-content\/uploads\/epilogue-768x1141.jpg 768w, https:\/\/www.coollibri.com\/blog\/wp-content\/uploads\/epilogue-1034x1536.jpg 1034w, https:\/\/www.coollibri.com\/blog\/wp-content\/uploads\/epilogue.jpg 1200w\" sizes=\"(max-width: 266px) 100vw, 266px\" \/><figcaption id=\"caption-attachment-8378\" class=\"wp-caption-text\">\u00e9pilogue<\/figcaption><\/figure>\n<p style=\"text-align: justify;\">De ce point de vue, il s&rsquo;exprime dans un langage qui peut appara\u00eetre quelques fois un peu herm\u00e9tique, mais, c&rsquo;est le propre de tous les textes de recherche qui utilisent un <a href=\"https:\/\/www.cairn.info\/dictionnaire-des-concepts-fondamentaux-des-didacti--9782804169107-page-123.htm\" target=\"_blank\" rel=\"noopener\">m\u00e9talangage<\/a>, Quoique, apr\u00e8s tout, ce langage n&rsquo;est gu\u00e8re diff\u00e9rent de celui qu&rsquo;on utilise pour parler d&rsquo;un sport, <a href=\"https:\/\/esprit-cheval.com\/\" target=\"_blank\" rel=\"noopener\">\u00e9quitation<\/a> ou <a href=\"https:\/\/www.defoot.fr\/\" target=\"_blank\" rel=\"noopener\">foot<\/a>, par exemple.<\/p>\n<p style=\"text-align: justify;\">G\u00e9rard Genette distingue donc\u00a0 d&rsquo;un c\u00f4t\u00e9 le<strong> paratexte \u00e9ditorial<\/strong> et d&rsquo;un autre, le <strong>paratexte auctorial<\/strong>. Le premier correspond \u00e0 la couverture d&rsquo;un livre, \u00e0 sa page titre, ou encore \u00e0 sa 4\u00e8me de couverture. Le second comprend notamment les d\u00e9dicaces, les \u00e9pigraphes, les pr\u00e9faces, etc.<\/p>\n<p style=\"text-align: justify;\">L&rsquo;int\u00e9r\u00eat de cette distinction, c&rsquo;est qu&rsquo;elle met l&rsquo;accent sur le ma\u00eetre d&rsquo;\u0153uvre \u00e0 l&rsquo;origine du paratexte. \u00c9diteur, proprement dit, dans un cas. Auteur, dans l&rsquo;autre. Ce qui, naturellement, a son importance quand on fait l&rsquo;analyse et la critique d&rsquo;un texte.\u00a0<\/p>\n<p style=\"text-align: justify;\">A cette premi\u00e8re distinction, G\u00e9rard Genette en ajoute une seconde. Le<strong> p\u00e9ritexte<\/strong> et l&rsquo;<strong>\u00e9pitexte<\/strong>. La premi\u00e8re cat\u00e9gorie tous les textes qui se situent \u00e0 l&rsquo;int\u00e9rieur d&rsquo;un livre, la seconde, tous ceux qui se situent \u00e0 l&rsquo;ext\u00e9rieur.<\/p>\n<p style=\"text-align: justify;\">Il s&rsquo;agit moins l\u00e0 de savoir qui est le ma\u00eetre d&rsquo;\u0153uvre que de comprendre pourquoi le paratexte se situe \u00e0 tel endroit dans un livre et pas \u00e0 un autre. \u00c0 noter que cette recherche rejoint celle que poursuit l&rsquo;analyse de la <a href=\"https:\/\/www.coollibri.com\/blog\/comment-gerer-la-diegese-dun-recit\/\" target=\"_blank\" rel=\"noopener\">di\u00e9g\u00e8se d&rsquo;une oeuvre<\/a>.\u00a0<\/p>\n<h2>Pr\u00e9face, avant-propos et autres paratextes<\/h2>\n<p style=\"text-align: center;\">\u00a0<\/p>\n<p style=\"text-align: justify;\">Partant de l\u00e0, on comprend qu&rsquo;on ne peut pas, par commodit\u00e9, continuer \u00e0 appeler pr\u00e9face tous les textes qui constituent<strong> l&rsquo;entour du texte principal<\/strong>. Cette <strong>approche \u00e9l\u00e9mentaire<\/strong> ne peut se comprendre que comme la prise de conscience qu&rsquo;un texte a d&rsquo;autant plus d&rsquo;impact sur son lectorat qu&rsquo;il s&rsquo;accompagne de <strong>textes compl\u00e9mentaires explicatifs<\/strong>. C&rsquo;est-\u00e0-dire, d&rsquo;une mani\u00e8re g\u00e9n\u00e9rale, de <strong>paratextes<\/strong>.\u00a0<\/p>\n<figure id=\"attachment_8387\" aria-describedby=\"caption-attachment-8387\" style=\"width: 449px\" class=\"wp-caption aligncenter\"><img loading=\"lazy\" decoding=\"async\" class=\" wp-image-8387\" src=\"https:\/\/www.coollibri.com\/blog\/wp-content\/uploads\/Paratexte-preface-et-avant-propos.-300x200.jpg\" alt=\"Paratexte, pr\u00e9face et avant-propos.\" width=\"449\" height=\"299\" srcset=\"https:\/\/www.coollibri.com\/blog\/wp-content\/uploads\/Paratexte-preface-et-avant-propos.-300x200.jpg 300w, https:\/\/www.coollibri.com\/blog\/wp-content\/uploads\/Paratexte-preface-et-avant-propos.-768x512.jpg 768w, https:\/\/www.coollibri.com\/blog\/wp-content\/uploads\/Paratexte-preface-et-avant-propos..jpg 1000w\" sizes=\"(max-width: 449px) 100vw, 449px\" \/><figcaption id=\"caption-attachment-8387\" class=\"wp-caption-text\">Paratexte, pr\u00e9face et avant-propos.<\/figcaption><\/figure>\n<p style=\"text-align: justify;\">Une <strong>pr\u00e9face<\/strong> est donc un<strong> paratexte auctorial<\/strong>, mais aussi un<strong> p\u00e9ritexte<\/strong>, suivant l&rsquo;angle sous lequel on l&rsquo;examine. Il en est de m\u00eame d&rsquo;un <strong>avant-propos<\/strong>. Alors qu&rsquo;une page titre, le bandeau de l&rsquo;\u00e9diteur ou le r\u00e9sum\u00e9 de 4\u00e8me de couverture, par exemple, sont \u00e0 la fois des<strong> paratextes \u00e9ditoriaux<\/strong> et des <strong>\u00e9pitextes<\/strong>.\u00a0<\/p>\n<p style=\"text-align: center;\">\u00a0<\/p>\n<figure id=\"attachment_8384\" aria-describedby=\"caption-attachment-8384\" style=\"width: 414px\" class=\"wp-caption aligncenter\"><img loading=\"lazy\" decoding=\"async\" class=\" wp-image-8384\" src=\"https:\/\/www.coollibri.com\/blog\/wp-content\/uploads\/Les-autres-paratextes-300x200.jpg\" alt=\"Les autres paratextes\" width=\"414\" height=\"276\" srcset=\"https:\/\/www.coollibri.com\/blog\/wp-content\/uploads\/Les-autres-paratextes-300x200.jpg 300w, https:\/\/www.coollibri.com\/blog\/wp-content\/uploads\/Les-autres-paratextes-768x512.jpg 768w, https:\/\/www.coollibri.com\/blog\/wp-content\/uploads\/Les-autres-paratextes.jpg 1000w\" sizes=\"(max-width: 414px) 100vw, 414px\" \/><figcaption id=\"caption-attachment-8384\" class=\"wp-caption-text\">Les autres paratextes<\/figcaption><\/figure>\n<h2>Finalit\u00e9 de la pr\u00e9face<\/h2>\n<p style=\"text-align: justify;\">Pr\u00e9face et avant-propos font donc partie des m\u00eames cat\u00e9gories de paratextes, mais en adoptant le point de vue du th\u00e9oricien ou du <a href=\"https:\/\/www.coollibri.com\/blog\/peut-on-faire-de-la-sociologie-de-la-litterature-dans-un-roman\/\" target=\"_blank\" rel=\"noopener\">sociologue de la litt\u00e9rature<\/a>, on voit bien que ces deux paratextes n&rsquo;ont pas la m\u00eame finalit\u00e9. Pour ce qui est de la pr\u00e9face, on peut ainsi distinguer la pr\u00e9face traditionnelle de la pr\u00e9face \u00e9crite par l&rsquo;auteur m\u00eame du texte principal.<\/p>\n<h3>Pr\u00e9face traditionnelle<\/h3>\n<p style=\"text-align: justify;\">Comme on peut le voir avec la couverture du livre intitul\u00e9 \u00ab\u00a0L&rsquo;homme d\u00e9vast\u00e9\u00a0\u00bb, l&rsquo;auteur du livre est <strong>Jean-Fran\u00e7ois Matt\u00e9i<\/strong> (1943 &#8211; 2014). Lequel a occup\u00e9 de nombreuses responsabilit\u00e9s dans le milieu m\u00e9dical et politique. Il a \u00e9t\u00e9, notamment, <strong>ministre de la Sant\u00e9<\/strong> de 2002 \u00e0 2004 et pr\u00e9sident de l&rsquo;<strong>Acad\u00e9mie nationale de m\u00e9decine<\/strong>. Son livre est une sorte de <strong>testament philosophique<\/strong> sur la place de l&rsquo;Homme dans le monde contemporain.\u00a0<\/p>\n<p>Quant \u00e0 la Pr\u00e9face, tr\u00e8s longue, elle a \u00e9t\u00e9 \u00e9crite par <strong>Rapha\u00ebl Enthoven<\/strong>. Comme l&rsquo;a \u00e9crit un lecteur :<\/p>\n<blockquote>\n<p>Elle replace ce livre dans son contexte historique et philosophique.<\/p>\n<\/blockquote>\n<p style=\"text-align: justify;\">En g\u00e9n\u00e9ral, on y ajoute aussi un aper\u00e7u sur les qualit\u00e9s de l&rsquo;auteur, mais on voit bien ici tout l&rsquo;int\u00e9r\u00eat que pr\u00e9sente une telle pr\u00e9face \u00e9crite par Rapha\u00ebl Enthoven. En effet, ce dernier est un essayiste r\u00e9put\u00e9, agr\u00e9g\u00e9 de philosophie, qui a enseign\u00e9 \u00e0 <strong>Sciences po<\/strong> et <strong>Polytechnique<\/strong>. Une r\u00e9f\u00e9rence donc. Qui ne peut que donner une cr\u00e9dibilit\u00e9 suppl\u00e9mentaire au texte \u00e9crit par Jean-Fran\u00e7ois Matt\u00e9i. Ce qui est <strong>l&rsquo;essence m\u00eame de la Pr\u00e9face<\/strong>.<\/p>\n<p>&nbsp;<\/p>\n<p style=\"text-align: center;\">\u00a0<\/p>\n<figure id=\"attachment_8382\" aria-describedby=\"caption-attachment-8382\" style=\"width: 248px\" class=\"wp-caption aligncenter\"><a href=\"https:\/\/amzn.to\/3B1X9N0\"><img loading=\"lazy\" decoding=\"async\" class=\"wp-image-8382\" src=\"https:\/\/www.coollibri.com\/blog\/wp-content\/uploads\/512rbT-SBHL-190x300.jpg\" alt=\"Finalit\u00e9 de la pr\u00e9face\" width=\"248\" height=\"391\" srcset=\"https:\/\/www.coollibri.com\/blog\/wp-content\/uploads\/512rbT-SBHL-190x300.jpg 190w, https:\/\/www.coollibri.com\/blog\/wp-content\/uploads\/512rbT-SBHL.jpg 317w\" sizes=\"(max-width: 248px) 100vw, 248px\" \/><\/a><figcaption id=\"caption-attachment-8382\" class=\"wp-caption-text\">Finalit\u00e9 de la pr\u00e9face<\/figcaption><\/figure>\n<p>&nbsp;<\/p>\n<h3>Pr\u00e9face de l&rsquo;auteur<\/h3>\n<p style=\"text-align: justify;\">Mais, on n&rsquo;a pas toujours un bon<strong> pr\u00e9facier<\/strong> sous la main. Alors comment faire pour ajouter un surcro\u00eet de sens \u00e0 son livre ? Eh bien, on la fait soi-m\u00eame, bien s\u00fbr ! Mais, \u00e9videmment, on la fait en respectant les codes propres \u00e0 la pr\u00e9face.<\/p>\n<p style=\"text-align: justify;\">Autrement dit, on donne des indications sur ce qu&rsquo;on est en tant qu&rsquo;auteur, on dit \u00e0 quel courant litt\u00e9raire on se rattache et on resitue le texte dans l&rsquo;ensemble des textes qu&rsquo;on a \u00e9ventuellement d\u00e9j\u00e0 fait para\u00eetre.<\/p>\n<p style=\"text-align: justify;\">\u00c0 noter que dans ce cas, c&rsquo;est \u00e9galement une bonne fa\u00e7on de relancer, \u00e0 peu de frais, l&rsquo;int\u00e9r\u00eat des lecteurs pour ses \u00e9crits ant\u00e9rieurs.<\/p>\n<p>&nbsp;<\/p>\n<h2>Finalit\u00e9 de l&rsquo;avant-propos<\/h2>\n<p style=\"text-align: justify;\">Quand on fait soi-m\u00eame la pr\u00e9face \u00e0 un de ses textes, on n&rsquo;est pas loin, en v\u00e9rit\u00e9, de l&rsquo;avant-propos. \u00ab\u00a0Pas loin\u00a0\u00bb ne veut pas dire que c&rsquo;est \u00ab\u00a0tout comme\u00a0\u00bb. Car l&rsquo;avant-propos n&rsquo;a pas du tout la m\u00eame finalit\u00e9 que celle de la pr\u00e9face.<\/p>\n<p style=\"text-align: justify;\">En effet, l&rsquo;avant-propos \u00e9crit n\u00e9cessairement par l&rsquo;auteur du texte d\u00e9crit les circonstances dans lesquelles il a \u00e9t\u00e9 \u00e9crit. De fait, on a \u00e9galement deux sortes d&rsquo;avant-propos. L&rsquo;avant-propos de m\u00e9moire ou de th\u00e8se et l&rsquo;avant-propos d&rsquo;un texte de fiction comme un roman.<\/p>\n<p>&nbsp;<\/p>\n<h3>L&rsquo;avant-propos de m\u00e9moire ou de th\u00e8se<\/h3>\n<p style=\"text-align: justify;\">Disons-le, <strong>l&rsquo;avant-propos est une sp\u00e9cificit\u00e9 universitaire<\/strong>. On ne peut gu\u00e8re imaginer un m\u00e9moire de fin d&rsquo;\u00e9tudes ou une th\u00e8se sans un avant-propos. Et d&rsquo;ailleurs, certaines institutions universitaires donnent des indications tr\u00e8s pr\u00e9cises sur ce que doit contenir un avant-propos suivant leur cycle d&rsquo;\u00e9tude concern\u00e9.<\/p>\n<p style=\"text-align: justify;\">Mais, en bref, l&rsquo;auteur du m\u00e9moire ou de la th\u00e8se doit d\u00e9velopper, en g\u00e9n\u00e9ral, les quatre points suivant dans son avant-propos :\u00a0<\/p>\n<ul>\n<li>De quoi parle son travail et dans quel cadre.<\/li>\n<li>Pourquoi il a choisi ce sujet d&rsquo;\u00e9tudes.<\/li>\n<li>Qu&rsquo;est-ce qui en fait l&rsquo;int\u00e9r\u00eat.<\/li>\n<li>Quelles ont \u00e9t\u00e9 les difficult\u00e9s rencontr\u00e9es.<\/li>\n<\/ul>\n<p style=\"text-align: justify;\">Plac\u00e9, bien \u00e9videmment, avant le texte du m\u00e9moire ou de la th\u00e8se proprement dit, entre la page de garde et les remerciements, l&rsquo;avant-propos am\u00e9liore les conditions dans lesquelles ses lecteurs, forc\u00e9ment les membres d&rsquo;un jury, vont pouvoir l&rsquo;appr\u00e9cier.<\/p>\n<p>&nbsp;<\/p>\n<h3>L&rsquo;avant-propos d&rsquo;un texte de fiction<\/h3>\n<p style=\"text-align: justify;\">Si on peut trouver des avant-propos pr\u00e9c\u00e9dant des textes autres que des m\u00e9moires ou des th\u00e8ses, ce sont le plus souvent, soit des essais, soit des pr\u00e9faces faussement intitul\u00e9es avant-propos. Le fait est qu&rsquo;on rencontre tr\u00e8s rarement des avant-propos dans des \u0153uvres de fiction. Mais, \u00e7a peut arriver. <strong>Balzac<\/strong> a ainsi \u00e9crit un avant-propos pour expliciter ce qu&rsquo;il a voulu faire avec les romans r\u00e9unis sous l&rsquo;intitul\u00e9 g\u00e9n\u00e9ral de <strong>Com\u00e9die humaine<\/strong>.<\/p>\n<p>&nbsp;<\/p>\n<h2>De l&rsquo;importance de bien faire la distinction entre la pr\u00e9face et l&rsquo;avant-propos\u00a0<\/h2>\n<p>&nbsp;<\/p>\n<p style=\"text-align: justify;\">Fort heureusement, on peut se lancer dans l&rsquo;\u00e9criture d&rsquo;un texte sans se pr\u00e9occuper de cette distinction et se contenter du mot pr\u00e9face pour parler de ce qui peut l&rsquo;entourer. L&rsquo;important, en l&rsquo;occurrence, c&rsquo;est d&rsquo;arriver jusqu&rsquo;au bout de son texte, puis de<a href=\"https:\/\/www.coollibri.com\/imprimer-un-livre\" target=\"_blank\" rel=\"noopener\"> faire imprimer son livre<\/a>. Satisfaction garantie !<\/p>\n<p style=\"text-align: justify;\">Cependant, comme l&rsquo;a \u00e9crit Boileau, <strong>la pr\u00e9cision dans l&rsquo;\u00e9criture est un des facteurs-clefs de son succ\u00e8s<\/strong> aupr\u00e8s des lecteurs.<\/p>\n<p>&nbsp;<\/p>\n<figure id=\"attachment_8380\" aria-describedby=\"caption-attachment-8380\" style=\"width: 470px\" class=\"wp-caption aligncenter\"><img loading=\"lazy\" decoding=\"async\" class=\" wp-image-8380\" src=\"https:\/\/www.coollibri.com\/blog\/wp-content\/uploads\/Nicolas-Boileau-300x200.jpg\" alt=\"Nicolas Boileau\" width=\"470\" height=\"313\" srcset=\"https:\/\/www.coollibri.com\/blog\/wp-content\/uploads\/Nicolas-Boileau-300x200.jpg 300w, https:\/\/www.coollibri.com\/blog\/wp-content\/uploads\/Nicolas-Boileau-1024x683.jpg 1024w, https:\/\/www.coollibri.com\/blog\/wp-content\/uploads\/Nicolas-Boileau-768x512.jpg 768w, https:\/\/www.coollibri.com\/blog\/wp-content\/uploads\/Nicolas-Boileau.jpg 1200w\" sizes=\"(max-width: 470px) 100vw, 470px\" \/><figcaption id=\"caption-attachment-8380\" class=\"wp-caption-text\">Nicolas Boileau<\/figcaption><\/figure>\n<p style=\"text-align: justify;\">Autrement dit, c&rsquo;est d\u00e9j\u00e0 les induire en erreur quand le premier texte qu&rsquo;ils ont \u00e0 lire ne poss\u00e8de pas le bon intitul\u00e9. En effet, pr\u00e9face et avant-propos, ce n&rsquo;est pas la m\u00eame chose. Ces deux paratextes n&rsquo;indiquent pas la m\u00eame direction. M\u00eame s&rsquo;ils font partie des m\u00eames cat\u00e9gories. Raison pour laquelle, il est recommand\u00e9 d&rsquo;<strong>attendre d&rsquo;avoir fini d&rsquo;\u00e9crire son texte avant d&rsquo;en r\u00e9diger les paratextes<\/strong>. Ils seront d&rsquo;autant mieux positionn\u00e9s et intitul\u00e9s.<\/p>\n","protected":false},"excerpt":{"rendered":"<p>On a tendance \u00e0 confondre pr\u00e9face et avant-propos. C&rsquo;est normal. On trouve l&rsquo;une et l&rsquo;autre au tout d\u00e9but d&rsquo;un texte. Et d&rsquo;ailleurs, pour dire vrai, on est m\u00eame tent\u00e9 par appeler pr\u00e9face tout texte qui pr\u00e9c\u00e8de le texte principal et qui en est nettement s\u00e9par\u00e9. Comme, par exemple, un prologue, un pr\u00e9ambule, un avertissement, une [&hellip;]<\/p>\n","protected":false},"author":8,"featured_media":8386,"comment_status":"open","ping_status":"open","sticky":false,"template":"","format":"standard","meta":{"content-type":"","footnotes":""},"categories":[2],"tags":[639,631,642,598,327,640,641],"class_list":["post-8375","post","type-post","status-publish","format-standard","has-post-thumbnail","hentry","category-ecrire-un-livre","tag-avant-propos","tag-diegese","tag-metalangage","tag-narratologie","tag-preface","tag-sociologie-litterature","tag-theorie-litteraire"],"yoast_head":"<!-- This site is optimized with the Yoast SEO plugin v25.6 - https:\/\/yoast.com\/wordpress\/plugins\/seo\/ -->\r\n<title>On confond souvent pr\u00e9face et avant-propos, alors que leur finalit\u00e9 diff\u00e8re<\/title>\r\n<meta name=\"description\" content=\"Pour comprendre la diff\u00e9rence entre pr\u00e9face et avant-propos, il est utile de passer par la notion de paratexte d\u00e9finie par la narratologie.\" \/>\r\n<meta name=\"robots\" content=\"index, follow, max-snippet:-1, max-image-preview:large, max-video-preview:-1\" \/>\r\n<link rel=\"canonical\" href=\"https:\/\/www.coollibri.com\/blog\/quelle-difference-entre-preface-et-avant-propos\/\" \/>\r\n<meta property=\"og:locale\" content=\"fr_FR\" \/>\r\n<meta property=\"og:type\" content=\"article\" \/>\r\n<meta property=\"og:title\" content=\"On confond souvent pr\u00e9face et avant-propos, alors que leur finalit\u00e9 diff\u00e8re\" \/>\r\n<meta property=\"og:description\" content=\"Pour comprendre la diff\u00e9rence entre pr\u00e9face et avant-propos, il est utile de passer par la notion de paratexte d\u00e9finie par la narratologie.\" \/>\r\n<meta property=\"og:url\" content=\"https:\/\/www.coollibri.com\/blog\/quelle-difference-entre-preface-et-avant-propos\/\" \/>\r\n<meta property=\"og:site_name\" content=\"\u00c9crire un livre et auto\u00e9dition, le blog.\" \/>\r\n<meta property=\"article:publisher\" content=\"https:\/\/www.facebook.com\/CoolLibri\" \/>\r\n<meta property=\"article:published_time\" content=\"2021-08-25T05:44:03+00:00\" \/>\r\n<meta property=\"article:modified_time\" content=\"2021-08-25T09:57:55+00:00\" \/>\r\n<meta property=\"og:image\" content=\"https:\/\/www.coollibri.com\/blog\/wp-content\/uploads\/Quelle-difference-entre-preface-et-avant-propos.jpg\" \/>\r\n\t<meta property=\"og:image:width\" content=\"1400\" \/>\r\n\t<meta property=\"og:image:height\" content=\"500\" \/>\r\n\t<meta property=\"og:image:type\" content=\"image\/jpeg\" \/>\r\n<meta name=\"author\" content=\"CoolLibri Impression de livre\" \/>\r\n<meta name=\"twitter:card\" content=\"summary_large_image\" \/>\r\n<meta name=\"twitter:creator\" content=\"@coollibri\" \/>\r\n<meta name=\"twitter:site\" content=\"@coollibri\" \/>\r\n<meta name=\"twitter:label1\" content=\"\u00c9crit par\" \/>\n\t<meta name=\"twitter:data1\" content=\"CoolLibri Impression de livre\" \/>\n\t<meta name=\"twitter:label2\" content=\"Dur\u00e9e de lecture estim\u00e9e\" \/>\n\t<meta name=\"twitter:data2\" content=\"7 minutes\" \/>\r\n<script type=\"application\/ld+json\" class=\"yoast-schema-graph\">{\"@context\":\"https:\/\/schema.org\",\"@graph\":[{\"@type\":\"Article\",\"@id\":\"https:\/\/www.coollibri.com\/blog\/quelle-difference-entre-preface-et-avant-propos\/#article\",\"isPartOf\":{\"@id\":\"https:\/\/www.coollibri.com\/blog\/quelle-difference-entre-preface-et-avant-propos\/\"},\"author\":{\"name\":\"CoolLibri Impression de livre\",\"@id\":\"https:\/\/www.coollibri.com\/blog\/#\/schema\/person\/5105fe42ec9d3fe2661138a0d65013c7\"},\"headline\":\"Quelle diff\u00e9rence entre pr\u00e9face et avant-propos ?\",\"datePublished\":\"2021-08-25T05:44:03+00:00\",\"dateModified\":\"2021-08-25T09:57:55+00:00\",\"mainEntityOfPage\":{\"@id\":\"https:\/\/www.coollibri.com\/blog\/quelle-difference-entre-preface-et-avant-propos\/\"},\"wordCount\":1639,\"commentCount\":0,\"publisher\":{\"@id\":\"https:\/\/www.coollibri.com\/blog\/#organization\"},\"image\":{\"@id\":\"https:\/\/www.coollibri.com\/blog\/quelle-difference-entre-preface-et-avant-propos\/#primaryimage\"},\"thumbnailUrl\":\"https:\/\/www.coollibri.com\/blog\/wp-content\/uploads\/Quelle-difference-entre-preface-et-avant-propos.jpg\",\"keywords\":[\"avant-propos\",\"di\u00e9g\u00e8se\",\"m\u00e9talangage\",\"narratologie\",\"pr\u00e9face\",\"sociologie litt\u00e9rature\",\"th\u00e9orie litt\u00e9raire\"],\"articleSection\":[\"\u00c9crire un livre\"],\"inLanguage\":\"fr-FR\",\"potentialAction\":[{\"@type\":\"CommentAction\",\"name\":\"Comment\",\"target\":[\"https:\/\/www.coollibri.com\/blog\/quelle-difference-entre-preface-et-avant-propos\/#respond\"]}]},{\"@type\":\"WebPage\",\"@id\":\"https:\/\/www.coollibri.com\/blog\/quelle-difference-entre-preface-et-avant-propos\/\",\"url\":\"https:\/\/www.coollibri.com\/blog\/quelle-difference-entre-preface-et-avant-propos\/\",\"name\":\"On confond souvent pr\u00e9face et avant-propos, alors que leur finalit\u00e9 diff\u00e8re\",\"isPartOf\":{\"@id\":\"https:\/\/www.coollibri.com\/blog\/#website\"},\"primaryImageOfPage\":{\"@id\":\"https:\/\/www.coollibri.com\/blog\/quelle-difference-entre-preface-et-avant-propos\/#primaryimage\"},\"image\":{\"@id\":\"https:\/\/www.coollibri.com\/blog\/quelle-difference-entre-preface-et-avant-propos\/#primaryimage\"},\"thumbnailUrl\":\"https:\/\/www.coollibri.com\/blog\/wp-content\/uploads\/Quelle-difference-entre-preface-et-avant-propos.jpg\",\"datePublished\":\"2021-08-25T05:44:03+00:00\",\"dateModified\":\"2021-08-25T09:57:55+00:00\",\"description\":\"Pour comprendre la diff\u00e9rence entre pr\u00e9face et avant-propos, il est utile de passer par la notion de paratexte d\u00e9finie par la narratologie.\",\"breadcrumb\":{\"@id\":\"https:\/\/www.coollibri.com\/blog\/quelle-difference-entre-preface-et-avant-propos\/#breadcrumb\"},\"inLanguage\":\"fr-FR\",\"potentialAction\":[{\"@type\":\"ReadAction\",\"target\":[\"https:\/\/www.coollibri.com\/blog\/quelle-difference-entre-preface-et-avant-propos\/\"]}]},{\"@type\":\"ImageObject\",\"inLanguage\":\"fr-FR\",\"@id\":\"https:\/\/www.coollibri.com\/blog\/quelle-difference-entre-preface-et-avant-propos\/#primaryimage\",\"url\":\"https:\/\/www.coollibri.com\/blog\/wp-content\/uploads\/Quelle-difference-entre-preface-et-avant-propos.jpg\",\"contentUrl\":\"https:\/\/www.coollibri.com\/blog\/wp-content\/uploads\/Quelle-difference-entre-preface-et-avant-propos.jpg\",\"width\":1400,\"height\":500,\"caption\":\"Quelle diff\u00e9rence entre pr\u00e9face et avant-propos\"},{\"@type\":\"BreadcrumbList\",\"@id\":\"https:\/\/www.coollibri.com\/blog\/quelle-difference-entre-preface-et-avant-propos\/#breadcrumb\",\"itemListElement\":[{\"@type\":\"ListItem\",\"position\":1,\"name\":\"Accueil\",\"item\":\"https:\/\/www.coollibri.com\/blog\/\"},{\"@type\":\"ListItem\",\"position\":2,\"name\":\"Quelle diff\u00e9rence entre pr\u00e9face et avant-propos ?\"}]},{\"@type\":\"WebSite\",\"@id\":\"https:\/\/www.coollibri.com\/blog\/#website\",\"url\":\"https:\/\/www.coollibri.com\/blog\/\",\"name\":\"\u00c9crire un livre et auto\u00e9dition, le blog.\",\"description\":\"Faites une bonne impression\",\"publisher\":{\"@id\":\"https:\/\/www.coollibri.com\/blog\/#organization\"},\"potentialAction\":[{\"@type\":\"SearchAction\",\"target\":{\"@type\":\"EntryPoint\",\"urlTemplate\":\"https:\/\/www.coollibri.com\/blog\/?s={search_term_string}\"},\"query-input\":{\"@type\":\"PropertyValueSpecification\",\"valueRequired\":true,\"valueName\":\"search_term_string\"}}],\"inLanguage\":\"fr-FR\"},{\"@type\":\"Organization\",\"@id\":\"https:\/\/www.coollibri.com\/blog\/#organization\",\"name\":\"CoolLibri - Impression de livre - Auto\u00e9dition\",\"url\":\"https:\/\/www.coollibri.com\/blog\/\",\"logo\":{\"@type\":\"ImageObject\",\"inLanguage\":\"fr-FR\",\"@id\":\"https:\/\/www.coollibri.com\/blog\/#\/schema\/logo\/image\/\",\"url\":\"https:\/\/www.coollibri.com\/blog\/wp-content\/uploads\/2018\/03\/logo.png\",\"contentUrl\":\"https:\/\/www.coollibri.com\/blog\/wp-content\/uploads\/2018\/03\/logo.png\",\"width\":231,\"height\":72,\"caption\":\"CoolLibri - Impression de livre - Auto\u00e9dition\"},\"image\":{\"@id\":\"https:\/\/www.coollibri.com\/blog\/#\/schema\/logo\/image\/\"},\"sameAs\":[\"https:\/\/www.facebook.com\/CoolLibri\",\"https:\/\/x.com\/coollibri\",\"https:\/\/www.instagram.com\/coollibri\/\",\"https:\/\/www.linkedin.com\/company\/coollibri\/\",\"https:\/\/www.youtube.com\/channel\/UCg6CQOMq_0Q1Rc6DsIak0-w\"]},{\"@type\":\"Person\",\"@id\":\"https:\/\/www.coollibri.com\/blog\/#\/schema\/person\/5105fe42ec9d3fe2661138a0d65013c7\",\"name\":\"CoolLibri Impression de livre\",\"image\":{\"@type\":\"ImageObject\",\"inLanguage\":\"fr-FR\",\"@id\":\"https:\/\/www.coollibri.com\/blog\/#\/schema\/person\/image\/\",\"url\":\"https:\/\/secure.gravatar.com\/avatar\/7112ca292ee176a5d7b66db3caf74cd9?s=96&r=g\",\"contentUrl\":\"https:\/\/secure.gravatar.com\/avatar\/7112ca292ee176a5d7b66db3caf74cd9?s=96&r=g\",\"caption\":\"CoolLibri Impression de livre\"}}]}<\/script>\r\n<!-- \/ Yoast SEO plugin. -->","yoast_head_json":{"title":"On confond souvent pr\u00e9face et avant-propos, alors que leur finalit\u00e9 diff\u00e8re","description":"Pour comprendre la diff\u00e9rence entre pr\u00e9face et avant-propos, il est utile de passer par la notion de paratexte d\u00e9finie par la narratologie.","robots":{"index":"index","follow":"follow","max-snippet":"max-snippet:-1","max-image-preview":"max-image-preview:large","max-video-preview":"max-video-preview:-1"},"canonical":"https:\/\/www.coollibri.com\/blog\/quelle-difference-entre-preface-et-avant-propos\/","og_locale":"fr_FR","og_type":"article","og_title":"On confond souvent pr\u00e9face et avant-propos, alors que leur finalit\u00e9 diff\u00e8re","og_description":"Pour comprendre la diff\u00e9rence entre pr\u00e9face et avant-propos, il est utile de passer par la notion de paratexte d\u00e9finie par la narratologie.","og_url":"https:\/\/www.coollibri.com\/blog\/quelle-difference-entre-preface-et-avant-propos\/","og_site_name":"\u00c9crire un livre et auto\u00e9dition, le blog.","article_publisher":"https:\/\/www.facebook.com\/CoolLibri","article_published_time":"2021-08-25T05:44:03+00:00","article_modified_time":"2021-08-25T09:57:55+00:00","og_image":[{"width":1400,"height":500,"url":"https:\/\/www.coollibri.com\/blog\/wp-content\/uploads\/Quelle-difference-entre-preface-et-avant-propos.jpg","type":"image\/jpeg"}],"author":"CoolLibri Impression de livre","twitter_card":"summary_large_image","twitter_creator":"@coollibri","twitter_site":"@coollibri","twitter_misc":{"\u00c9crit par":"CoolLibri Impression de livre","Dur\u00e9e de lecture estim\u00e9e":"7 minutes"},"schema":{"@context":"https:\/\/schema.org","@graph":[{"@type":"Article","@id":"https:\/\/www.coollibri.com\/blog\/quelle-difference-entre-preface-et-avant-propos\/#article","isPartOf":{"@id":"https:\/\/www.coollibri.com\/blog\/quelle-difference-entre-preface-et-avant-propos\/"},"author":{"name":"CoolLibri Impression de livre","@id":"https:\/\/www.coollibri.com\/blog\/#\/schema\/person\/5105fe42ec9d3fe2661138a0d65013c7"},"headline":"Quelle diff\u00e9rence entre pr\u00e9face et avant-propos ?","datePublished":"2021-08-25T05:44:03+00:00","dateModified":"2021-08-25T09:57:55+00:00","mainEntityOfPage":{"@id":"https:\/\/www.coollibri.com\/blog\/quelle-difference-entre-preface-et-avant-propos\/"},"wordCount":1639,"commentCount":0,"publisher":{"@id":"https:\/\/www.coollibri.com\/blog\/#organization"},"image":{"@id":"https:\/\/www.coollibri.com\/blog\/quelle-difference-entre-preface-et-avant-propos\/#primaryimage"},"thumbnailUrl":"https:\/\/www.coollibri.com\/blog\/wp-content\/uploads\/Quelle-difference-entre-preface-et-avant-propos.jpg","keywords":["avant-propos","di\u00e9g\u00e8se","m\u00e9talangage","narratologie","pr\u00e9face","sociologie litt\u00e9rature","th\u00e9orie litt\u00e9raire"],"articleSection":["\u00c9crire un livre"],"inLanguage":"fr-FR","potentialAction":[{"@type":"CommentAction","name":"Comment","target":["https:\/\/www.coollibri.com\/blog\/quelle-difference-entre-preface-et-avant-propos\/#respond"]}]},{"@type":"WebPage","@id":"https:\/\/www.coollibri.com\/blog\/quelle-difference-entre-preface-et-avant-propos\/","url":"https:\/\/www.coollibri.com\/blog\/quelle-difference-entre-preface-et-avant-propos\/","name":"On confond souvent pr\u00e9face et avant-propos, alors que leur finalit\u00e9 diff\u00e8re","isPartOf":{"@id":"https:\/\/www.coollibri.com\/blog\/#website"},"primaryImageOfPage":{"@id":"https:\/\/www.coollibri.com\/blog\/quelle-difference-entre-preface-et-avant-propos\/#primaryimage"},"image":{"@id":"https:\/\/www.coollibri.com\/blog\/quelle-difference-entre-preface-et-avant-propos\/#primaryimage"},"thumbnailUrl":"https:\/\/www.coollibri.com\/blog\/wp-content\/uploads\/Quelle-difference-entre-preface-et-avant-propos.jpg","datePublished":"2021-08-25T05:44:03+00:00","dateModified":"2021-08-25T09:57:55+00:00","description":"Pour comprendre la diff\u00e9rence entre pr\u00e9face et avant-propos, il est utile de passer par la notion de paratexte d\u00e9finie par la narratologie.","breadcrumb":{"@id":"https:\/\/www.coollibri.com\/blog\/quelle-difference-entre-preface-et-avant-propos\/#breadcrumb"},"inLanguage":"fr-FR","potentialAction":[{"@type":"ReadAction","target":["https:\/\/www.coollibri.com\/blog\/quelle-difference-entre-preface-et-avant-propos\/"]}]},{"@type":"ImageObject","inLanguage":"fr-FR","@id":"https:\/\/www.coollibri.com\/blog\/quelle-difference-entre-preface-et-avant-propos\/#primaryimage","url":"https:\/\/www.coollibri.com\/blog\/wp-content\/uploads\/Quelle-difference-entre-preface-et-avant-propos.jpg","contentUrl":"https:\/\/www.coollibri.com\/blog\/wp-content\/uploads\/Quelle-difference-entre-preface-et-avant-propos.jpg","width":1400,"height":500,"caption":"Quelle diff\u00e9rence entre pr\u00e9face et avant-propos"},{"@type":"BreadcrumbList","@id":"https:\/\/www.coollibri.com\/blog\/quelle-difference-entre-preface-et-avant-propos\/#breadcrumb","itemListElement":[{"@type":"ListItem","position":1,"name":"Accueil","item":"https:\/\/www.coollibri.com\/blog\/"},{"@type":"ListItem","position":2,"name":"Quelle diff\u00e9rence entre pr\u00e9face et avant-propos ?"}]},{"@type":"WebSite","@id":"https:\/\/www.coollibri.com\/blog\/#website","url":"https:\/\/www.coollibri.com\/blog\/","name":"\u00c9crire un livre et auto\u00e9dition, le blog.","description":"Faites une bonne impression","publisher":{"@id":"https:\/\/www.coollibri.com\/blog\/#organization"},"potentialAction":[{"@type":"SearchAction","target":{"@type":"EntryPoint","urlTemplate":"https:\/\/www.coollibri.com\/blog\/?s={search_term_string}"},"query-input":{"@type":"PropertyValueSpecification","valueRequired":true,"valueName":"search_term_string"}}],"inLanguage":"fr-FR"},{"@type":"Organization","@id":"https:\/\/www.coollibri.com\/blog\/#organization","name":"CoolLibri - Impression de livre - Auto\u00e9dition","url":"https:\/\/www.coollibri.com\/blog\/","logo":{"@type":"ImageObject","inLanguage":"fr-FR","@id":"https:\/\/www.coollibri.com\/blog\/#\/schema\/logo\/image\/","url":"https:\/\/www.coollibri.com\/blog\/wp-content\/uploads\/2018\/03\/logo.png","contentUrl":"https:\/\/www.coollibri.com\/blog\/wp-content\/uploads\/2018\/03\/logo.png","width":231,"height":72,"caption":"CoolLibri - Impression de livre - Auto\u00e9dition"},"image":{"@id":"https:\/\/www.coollibri.com\/blog\/#\/schema\/logo\/image\/"},"sameAs":["https:\/\/www.facebook.com\/CoolLibri","https:\/\/x.com\/coollibri","https:\/\/www.instagram.com\/coollibri\/","https:\/\/www.linkedin.com\/company\/coollibri\/","https:\/\/www.youtube.com\/channel\/UCg6CQOMq_0Q1Rc6DsIak0-w"]},{"@type":"Person","@id":"https:\/\/www.coollibri.com\/blog\/#\/schema\/person\/5105fe42ec9d3fe2661138a0d65013c7","name":"CoolLibri Impression de livre","image":{"@type":"ImageObject","inLanguage":"fr-FR","@id":"https:\/\/www.coollibri.com\/blog\/#\/schema\/person\/image\/","url":"https:\/\/secure.gravatar.com\/avatar\/7112ca292ee176a5d7b66db3caf74cd9?s=96&r=g","contentUrl":"https:\/\/secure.gravatar.com\/avatar\/7112ca292ee176a5d7b66db3caf74cd9?s=96&r=g","caption":"CoolLibri Impression de livre"}}]}},"_links":{"self":[{"href":"https:\/\/www.coollibri.com\/blog\/wp-json\/wp\/v2\/posts\/8375"}],"collection":[{"href":"https:\/\/www.coollibri.com\/blog\/wp-json\/wp\/v2\/posts"}],"about":[{"href":"https:\/\/www.coollibri.com\/blog\/wp-json\/wp\/v2\/types\/post"}],"author":[{"embeddable":true,"href":"https:\/\/www.coollibri.com\/blog\/wp-json\/wp\/v2\/users\/8"}],"replies":[{"embeddable":true,"href":"https:\/\/www.coollibri.com\/blog\/wp-json\/wp\/v2\/comments?post=8375"}],"version-history":[{"count":33,"href":"https:\/\/www.coollibri.com\/blog\/wp-json\/wp\/v2\/posts\/8375\/revisions"}],"predecessor-version":[{"id":8417,"href":"https:\/\/www.coollibri.com\/blog\/wp-json\/wp\/v2\/posts\/8375\/revisions\/8417"}],"wp:featuredmedia":[{"embeddable":true,"href":"https:\/\/www.coollibri.com\/blog\/wp-json\/wp\/v2\/media\/8386"}],"wp:attachment":[{"href":"https:\/\/www.coollibri.com\/blog\/wp-json\/wp\/v2\/media?parent=8375"}],"wp:term":[{"taxonomy":"category","embeddable":true,"href":"https:\/\/www.coollibri.com\/blog\/wp-json\/wp\/v2\/categories?post=8375"},{"taxonomy":"post_tag","embeddable":true,"href":"https:\/\/www.coollibri.com\/blog\/wp-json\/wp\/v2\/tags?post=8375"}],"curies":[{"name":"wp","href":"https:\/\/api.w.org\/{rel}","templated":true}]}}